{"id":14990,"date":"2015-06-21T13:18:00","date_gmt":"2015-06-21T13:18:00","guid":{"rendered":"http:\/\/875jahrekirchgoens.de\/?p=14990"},"modified":"2024-02-11T13:21:25","modified_gmt":"2024-02-11T13:21:25","slug":"bau-fortschritte-an-der-stautzertbruecke","status":"publish","type":"post","link":"http:\/\/875jahrekirchgoens.de\/?p=14990","title":{"rendered":"Bau-Fortschritte an der Stautzertbr\u00fccke"},"content":{"rendered":"\n<p>Der Neubau der Stautzertbr\u00fccke in Kirch-G\u00f6ns \u00fcber das Gleisbett der Main-Weser-Bahn hinweg macht Fortschritte. Am Wochenende wurden in n\u00e4chtlicher Arbeit bei abgeschaltetem Fahrdraht die Bahngleise mit Fertigteilen \u00fcberbr\u00fcckt.<\/p>\n\n\n\n<p>Quelle: Butzbacher Zeitung vom 21. Juni 2015, Bild: Dieter Pfeiffer \/ Kirch-G\u00f6ns<\/p>\n\n\n\n<figure class=\"wp-block-image size-full\"><img loading=\"lazy\" decoding=\"async\" width=\"761\" height=\"506\" src=\"http:\/\/875jahrekirchgoens.de\/wp-content\/uploads\/2024\/02\/Fortschritt-Bild1.jpg\" alt=\"\" class=\"wp-image-14992\" srcset=\"http:\/\/875jahrekirchgoens.de\/wp-content\/uploads\/2024\/02\/Fortschritt-Bild1.jpg 761w, http:\/\/875jahrekirchgoens.de\/wp-content\/uploads\/2024\/02\/Fortschritt-Bild1-300x199.jpg 300w\" sizes=\"auto, (max-width: 761px) 100vw, 761px\" \/><\/figure>\n","protected":false},"excerpt":{"rendered":"<p>Der Neubau der Stautzertbr\u00fccke in Kirch-G\u00f6ns \u00fcber das Gleisbett der Main-Weser-Bahn hinweg macht Fortschritte. Am Wochenende wurden in n\u00e4chtlicher Arbeit bei abgeschaltetem Fahrdraht die Bahngleise mit Fertigteilen \u00fcberbr\u00fcckt. Quelle: Butzbacher Zeitung vom 21. Juni 2015, Bild: Dieter Pfeiffer \/ Kirch-G\u00f6ns<\/p>\n","protected":false},"author":1,"featured_media":0,"comment_status":"closed","ping_status":"open","sticky":false,"template":"","format":"standard","meta":{"footnotes":""},"categories":[1],"tags":[],"class_list":["post-14990","post","type-post","status-publish","format-standard","hentry","category-infos"],"_links":{"self":[{"href":"http:\/\/875jahrekirchgoens.de\/index.php?rest_route=\/wp\/v2\/posts\/14990","targetHints":{"allow":["GET"]}}],"collection":[{"href":"http:\/\/875jahrekirchgoens.de\/index.php?rest_route=\/wp\/v2\/posts"}],"about":[{"href":"http:\/\/875jahrekirchgoens.de\/index.php?rest_route=\/wp\/v2\/types\/post"}],"author":[{"embeddable":true,"href":"http:\/\/875jahrekirchgoens.de\/index.php?rest_route=\/wp\/v2\/users\/1"}],"replies":[{"embeddable":true,"href":"http:\/\/875jahrekirchgoens.de\/index.php?rest_route=%2Fwp%2Fv2%2Fcomments&post=14990"}],"version-history":[{"count":2,"href":"http:\/\/875jahrekirchgoens.de\/index.php?rest_route=\/wp\/v2\/posts\/14990\/revisions"}],"predecessor-version":[{"id":14993,"href":"http:\/\/875jahrekirchgoens.de\/index.php?rest_route=\/wp\/v2\/posts\/14990\/revisions\/14993"}],"wp:attachment":[{"href":"http:\/\/875jahrekirchgoens.de\/index.php?rest_route=%2Fwp%2Fv2%2Fmedia&parent=14990"}],"wp:term":[{"taxonomy":"category","embeddable":true,"href":"http:\/\/875jahrekirchgoens.de\/index.php?rest_route=%2Fwp%2Fv2%2Fcategories&post=14990"},{"taxonomy":"post_tag","embeddable":true,"href":"http:\/\/875jahrekirchgoens.de\/index.php?rest_route=%2Fwp%2Fv2%2Ftags&post=14990"}],"curies":[{"name":"wp","href":"https:\/\/api.w.org\/{rel}","templated":true}]}}