{"id":15004,"date":"2007-08-29T13:30:00","date_gmt":"2007-08-29T13:30:00","guid":{"rendered":"http:\/\/875jahrekirchgoens.de\/?p=15004"},"modified":"2024-02-23T12:32:32","modified_gmt":"2024-02-23T12:32:32","slug":"15004","status":"publish","type":"post","link":"http:\/\/875jahrekirchgoens.de\/?p=15004","title":{"rendered":"Heimat- und Backhausverein Kirch-G\u00f6ns feierte 25-j\u00e4hriges Bestehen"},"content":{"rendered":"\n<p><em>Jubil\u00e4umsbackhausfest mit Festzug in Kirch-G\u00f6ns<\/em><\/p>\n\n\n\n<p>Der Heimat\u00b7 und Backhausverein Kirch\u00ad G\u00f6ns (HBV) feierte amn Sonntag, den 26. August sein 25-j\u00e4hriges Bestehen mit einem gro\u00dfen Fest im Bereich zwischen Kirche, B\u00fcrgerhaus, Backhaus und altem Pfarrhaus.<\/p>\n\n\n\n<p>Das Fest begann um 10 Uhr mit einem Mundartgottesdienst unter der Dorflinde. Die Predigt hielt Pfarrer William Thum von der evangelischen Kirchengemeinde. Die Lesung hielten drei Frauen in der Tracht des H\u00fcttenberger Landes.<\/p>\n\n\n\n<p>Die musikalische Mitwirkung nahm der Gesangverein 1862 Kirch-G\u00f6ns wahr. Ab 11 Uhr war Gelegenheit zum Mittagessen. Es gab Leckeres vom Grill wie Steaks, Brat- und Curryw\u00fcrstchen, wahlweise mit Pommes oder Br\u00f6tchen, Fleischk\u00e4se und als heimische Spezialit\u00e4t Kartoffeln mit Schmierk\u00e4se. Gegen den Durst gab es Bier und verschiedene alkoholfreie Getr\u00e4nke.<\/p>\n\n\n\n<p>Um 13 Uhr setzte sich der Festzug mit 30 Zugnummern in Bewegung. Der Zugverlauf ging \u00fcber Stautzert &#8211; Bahnhotstra\u00dfe &#8211; Gie\u00dfener Stra\u00dfe &#8211; Taubgasse &#8211; Pfeifergasse &#8211; Hauptstra\u00dfe &#8211; Gartenstra\u00dfe. Mitwirkende waren Ortsvereine aus Kirch-G\u00f6ns und Pohl-G\u00f6ns sowie Heimat- und Trachtenvereine aus vielen hessischen Trachtenregionen. Drei Hochzeitsz\u00fcge marschierten mit und ein Mandolinenorchester war auch dabei.<\/p>\n\n\n\n<p>Gegen 14.15 Uhr begann das B\u00fchnenprogramm vor dem Backhaus mit Begr\u00fc\u00dfung durch den 1. Vorsitzenden G\u00fcnter Weber und B\u00fcrgermeister Michael Merle. Danach folgte ein Auftritt der Kindergruppe des HBV Kirch-G\u00f6ns, gefolgt von einem gemeinsamen Auftritt der Jugendgruppen des HBV Kirch-G\u00f6ns und der Jugendgruppe der evangelischen Kirchengemeinde Annerod.<\/p>\n\n\n\n<p>Im Anschluss stellten sich verschiedene hessische Trachten-, Brauchtums- und Volkstanzgruppen vor, so auch eine Hochzeitsgesellschaft des Schlitzerl\u00e4nder Trachten- und Volkskreises in Schlitzerl\u00e4nder Festtagstracht, eine Hochzeitsgesellschaft der Tanz- und Trachtengruppe Erfurtshausen in katholischer Marburger Festtagstracht und eine Hochzeitsgesellschaftaus Gro\u00dfen-Linden vom Heimatkundlichen Arbeitskreis Linden in der Festtagstracht des H\u00fcttenberger Landes. Auch eine Taufgesellschaft der Volkstanzgruppe R\u00f6llhausen in der Schw\u00e4lmer Festtagstracht zeigte, wie fr\u00fcher eine Taufe ablief. Eine Tanzgruppe der Sing-, Spiel- und Trachtengruppe R\u00fcddingshausen zeigte Volkst\u00e4nze. darunter einen Tanz mit Blumengirlanden (\u201eBlumentanz&#8220;) in evangelischer Marburger Festtagstracht.<\/p>\n\n\n\n<p>Altes Handwerk pr\u00e4sentierte sich auch. Nachmittags gab es im Gemeindehaus frischen Backhauskuchen zum Kaffee. Daf\u00fcr hatten die flei\u00dfigen B\u00e4cker ca. 90 Hefekuchen gebacken, die rei\u00dfenden Absatz fanden. Ebenfalls im Gemeindehaus konnte man die Ausstellung \u201eAus Kinder- und Jugendtagen \u201c\u00b7besuchen. Dort wurden haupts\u00e4chlich altes Spielzeug, Puppen und Kinderwagen ausverschiedenen Jahrzehnten gezeigt. Die \u00e4ltesten Puppenwagen stammten aus dem Jahr 1920. Alle Objekte kamen aus privatem Besitz.<\/p>\n\n\n\n<p>Gegen 17 Uhr fand ein volkst\u00fcmliches Platzkonzert mit der Wettertaler Blasmusik statt. Dies wurde sp\u00e4ter abgel\u00f6st durch einen DJ, der bekannte Schlager sowie Rock und Pop spielte. Dazu konnte auch getanzt werden. Den zahlreichen Besuchern aus Kirch-G\u00f6ns und der n\u00e4heren und weiteren Umgebung gefiel dieses Jubil\u00e4umsfest bei strahlendem Sonnenschein sehr gut. Und so wurde es ein voller Erfolg f\u00fcr den gastgebenden Heimat- und Backhausverein.<\/p>\n\n\n\n<p>Quelle und Bilder: Wetterauer Wochen-Bote vom 29. August 2007<\/p>\n\n\n\n<figure class=\"wp-block-gallery has-nested-images columns-default is-cropped wp-block-gallery-1 is-layout-flex wp-block-gallery-is-layout-flex\">\n<figure class=\"wp-block-image size-large\"><img loading=\"lazy\" decoding=\"async\" width=\"275\" height=\"170\" data-id=\"15003\" src=\"http:\/\/875jahrekirchgoens.de\/wp-content\/uploads\/2024\/02\/Heimatv-Bild1.png\" alt=\"\" class=\"wp-image-15003\"\/><\/figure>\n\n\n\n<figure class=\"wp-block-image size-large\"><img loading=\"lazy\" decoding=\"async\" width=\"295\" height=\"169\" data-id=\"15002\" src=\"http:\/\/875jahrekirchgoens.de\/wp-content\/uploads\/2024\/02\/Heimatv-Bild2.png\" alt=\"\" class=\"wp-image-15002\"\/><\/figure>\n<\/figure>\n","protected":false},"excerpt":{"rendered":"<p>Jubil\u00e4umsbackhausfest mit Festzug in Kirch-G\u00f6ns Der Heimat\u00b7 und Backhausverein Kirch\u00ad G\u00f6ns (HBV) feierte amn Sonntag, den 26. August sein 25-j\u00e4hriges Bestehen mit einem gro\u00dfen Fest im Bereich zwischen Kirche, B\u00fcrgerhaus, Backhaus und altem Pfarrhaus. Das Fest begann um 10 Uhr mit einem Mundartgottesdienst unter der Dorflinde. Die Predigt hielt Pfarrer William Thum von der evangelischen &#8230; <a title=\"Heimat- und Backhausverein Kirch-G\u00f6ns feierte 25-j\u00e4hriges Bestehen\" class=\"read-more\" href=\"http:\/\/875jahrekirchgoens.de\/?p=15004\" aria-label=\"Mehr Informationen \u00fcber Heimat- und Backhausverein Kirch-G\u00f6ns feierte 25-j\u00e4hriges Bestehen\">Weiterlesen<\/a><\/p>\n","protected":false},"author":1,"featured_media":0,"comment_status":"closed","ping_status":"open","sticky":false,"template":"","format":"standard","meta":{"footnotes":""},"categories":[1],"tags":[],"class_list":["post-15004","post","type-post","status-publish","format-standard","hentry","category-infos"],"_links":{"self":[{"href":"http:\/\/875jahrekirchgoens.de\/index.php?rest_route=\/wp\/v2\/posts\/15004","targetHints":{"allow":["GET"]}}],"collection":[{"href":"http:\/\/875jahrekirchgoens.de\/index.php?rest_route=\/wp\/v2\/posts"}],"about":[{"href":"http:\/\/875jahrekirchgoens.de\/index.php?rest_route=\/wp\/v2\/types\/post"}],"author":[{"embeddable":true,"href":"http:\/\/875jahrekirchgoens.de\/index.php?rest_route=\/wp\/v2\/users\/1"}],"replies":[{"embeddable":true,"href":"http:\/\/875jahrekirchgoens.de\/index.php?rest_route=%2Fwp%2Fv2%2Fcomments&post=15004"}],"version-history":[{"count":2,"href":"http:\/\/875jahrekirchgoens.de\/index.php?rest_route=\/wp\/v2\/posts\/15004\/revisions"}],"predecessor-version":[{"id":15007,"href":"http:\/\/875jahrekirchgoens.de\/index.php?rest_route=\/wp\/v2\/posts\/15004\/revisions\/15007"}],"wp:attachment":[{"href":"http:\/\/875jahrekirchgoens.de\/index.php?rest_route=%2Fwp%2Fv2%2Fmedia&parent=15004"}],"wp:term":[{"taxonomy":"category","embeddable":true,"href":"http:\/\/875jahrekirchgoens.de\/index.php?rest_route=%2Fwp%2Fv2%2Fcategories&post=15004"},{"taxonomy":"post_tag","embeddable":true,"href":"http:\/\/875jahrekirchgoens.de\/index.php?rest_route=%2Fwp%2Fv2%2Ftags&post=15004"}],"curies":[{"name":"wp","href":"https:\/\/api.w.org\/{rel}","templated":true}]}}