{"id":15030,"date":"2007-08-23T11:06:00","date_gmt":"2007-08-23T11:06:00","guid":{"rendered":"http:\/\/875jahrekirchgoens.de\/?p=15030"},"modified":"2024-02-23T11:08:22","modified_gmt":"2024-02-23T11:08:22","slug":"hohe-auszeichnung-fuer-friedel-werner","status":"publish","type":"post","link":"http:\/\/875jahrekirchgoens.de\/?p=15030","title":{"rendered":"Hohe Auszeichnung f\u00fcr Friedel Werner"},"content":{"rendered":"\n<p>Eine hohe Auszeichnung erhielt der Kirch-G\u00f6nser Friedel Werner auf der Jahreshauptversammlung des Landesverbandes Hessen-Nassau der Rassekaninchenz\u00fcchter in Hanau-Steinheim. Ihm wurde die Verdienstmedaille des Verbandes \u00fcberreicht, die zweith\u00f6chste Ehrung des Verbandes. Damit wurde sein Jahrzehnte langes Engagement f\u00fcr die Belange der Kleintierzucht gew\u00fcrdigt. Friedel Werner ist seit drei\u00dfig Jahren 1. Vorsitzender des Kleintierzuchtvereins H 260 Kirch-\/Pohl-G\u00f6ns. Er leitete in der Vergangenheit \u00f6fters Kreisschauen und engagierte sich in verschiedenen Sondervereinen unter anderem als Kassierer. Selbst z\u00fcchtet er seit vielen Jahren Lohkaninchen schwarz, Tauben der Rasse Stargarder Zitterh\u00e4lse und Nackthalszwergh\u00fchner blau ges\u00e4umt. Die Verdienstmedaille wurde Friedel Werner (rechts) vom 1. Vorsitzenden des Landes-Verbandes Ronald Mertinkus (links) und dem 2. Vorsitzenden Armin Sch\u00f6n (Mitte) \u00fcbergeben.<\/p>\n\n\n\n<p>Quelle und Bild: Butzbacher Zeitung vom 23. August 2007<\/p>\n\n\n\n<figure class=\"wp-block-image size-full\"><img loading=\"lazy\" decoding=\"async\" width=\"338\" height=\"247\" src=\"http:\/\/875jahrekirchgoens.de\/wp-content\/uploads\/2024\/02\/Auszeichnung-Bild1.jpg\" alt=\"\" class=\"wp-image-15031\" srcset=\"http:\/\/875jahrekirchgoens.de\/wp-content\/uploads\/2024\/02\/Auszeichnung-Bild1.jpg 338w, http:\/\/875jahrekirchgoens.de\/wp-content\/uploads\/2024\/02\/Auszeichnung-Bild1-300x219.jpg 300w\" sizes=\"auto, (max-width: 338px) 100vw, 338px\" \/><\/figure>\n","protected":false},"excerpt":{"rendered":"<p>Eine hohe Auszeichnung erhielt der Kirch-G\u00f6nser Friedel Werner auf der Jahreshauptversammlung des Landesverbandes Hessen-Nassau der Rassekaninchenz\u00fcchter in Hanau-Steinheim. Ihm wurde die Verdienstmedaille des Verbandes \u00fcberreicht, die zweith\u00f6chste Ehrung des Verbandes. Damit wurde sein Jahrzehnte langes Engagement f\u00fcr die Belange der Kleintierzucht gew\u00fcrdigt. Friedel Werner ist seit drei\u00dfig Jahren 1. Vorsitzender des Kleintierzuchtvereins H 260 Kirch-\/Pohl-G\u00f6ns. &#8230; <a title=\"Hohe Auszeichnung f\u00fcr Friedel Werner\" class=\"read-more\" href=\"http:\/\/875jahrekirchgoens.de\/?p=15030\" aria-label=\"Mehr Informationen \u00fcber Hohe Auszeichnung f\u00fcr Friedel Werner\">Weiterlesen<\/a><\/p>\n","protected":false},"author":1,"featured_media":0,"comment_status":"closed","ping_status":"open","sticky":false,"template":"","format":"standard","meta":{"footnotes":""},"categories":[1],"tags":[],"class_list":["post-15030","post","type-post","status-publish","format-standard","hentry","category-infos"],"_links":{"self":[{"href":"http:\/\/875jahrekirchgoens.de\/index.php?rest_route=\/wp\/v2\/posts\/15030","targetHints":{"allow":["GET"]}}],"collection":[{"href":"http:\/\/875jahrekirchgoens.de\/index.php?rest_route=\/wp\/v2\/posts"}],"about":[{"href":"http:\/\/875jahrekirchgoens.de\/index.php?rest_route=\/wp\/v2\/types\/post"}],"author":[{"embeddable":true,"href":"http:\/\/875jahrekirchgoens.de\/index.php?rest_route=\/wp\/v2\/users\/1"}],"replies":[{"embeddable":true,"href":"http:\/\/875jahrekirchgoens.de\/index.php?rest_route=%2Fwp%2Fv2%2Fcomments&post=15030"}],"version-history":[{"count":1,"href":"http:\/\/875jahrekirchgoens.de\/index.php?rest_route=\/wp\/v2\/posts\/15030\/revisions"}],"predecessor-version":[{"id":15032,"href":"http:\/\/875jahrekirchgoens.de\/index.php?rest_route=\/wp\/v2\/posts\/15030\/revisions\/15032"}],"wp:attachment":[{"href":"http:\/\/875jahrekirchgoens.de\/index.php?rest_route=%2Fwp%2Fv2%2Fmedia&parent=15030"}],"wp:term":[{"taxonomy":"category","embeddable":true,"href":"http:\/\/875jahrekirchgoens.de\/index.php?rest_route=%2Fwp%2Fv2%2Fcategories&post=15030"},{"taxonomy":"post_tag","embeddable":true,"href":"http:\/\/875jahrekirchgoens.de\/index.php?rest_route=%2Fwp%2Fv2%2Ftags&post=15030"}],"curies":[{"name":"wp","href":"https:\/\/api.w.org\/{rel}","templated":true}]}}