{"id":15034,"date":"2008-07-05T11:12:00","date_gmt":"2008-07-05T11:12:00","guid":{"rendered":"http:\/\/875jahrekirchgoens.de\/?p=15034"},"modified":"2024-02-23T11:16:49","modified_gmt":"2024-02-23T11:16:49","slug":"tv-lronkids-starten-in-friedberg","status":"publish","type":"post","link":"http:\/\/875jahrekirchgoens.de\/?p=15034","title":{"rendered":"TV-lronkids starten in Friedberg"},"content":{"rendered":"\n<p>Wenn am Sonntag, 5. Juli zum 8. Mal der Frankfurter lronman mit \u00fcber 2300 Triathleten zur Austragung kommt, gehen auch die beiden Nachwuchsmitglieder des TV Kirch-G\u00f6ns, Julian Andreas Diehl und Nick Maurice Diehl, aus dem n\u00f6rdlichsten Butzbacher Stadtteil bei den Iron Kids in Friedberg an den Start. Der &#8222;TV-Nachwuchs muss dabei eine 2 Kilometer lange Fahrradstrecke und eine 650 m Laufstrecke bew\u00e4ltigen. Der TV Kirch G\u00f6ns w\u00fcnscht seinen beiden Nachwuchs-Iron Kids viel Erfolg.<\/p>\n\n\n\n<p>Quelle und Bild: Butzbacher Zeitung im Juli 2008<\/p>\n\n\n\n<figure class=\"wp-block-image size-full\"><img loading=\"lazy\" decoding=\"async\" width=\"420\" height=\"309\" src=\"http:\/\/875jahrekirchgoens.de\/wp-content\/uploads\/2024\/02\/ironkidsBild1.png\" alt=\"\" class=\"wp-image-15035\" srcset=\"http:\/\/875jahrekirchgoens.de\/wp-content\/uploads\/2024\/02\/ironkidsBild1.png 420w, http:\/\/875jahrekirchgoens.de\/wp-content\/uploads\/2024\/02\/ironkidsBild1-300x221.png 300w\" sizes=\"auto, (max-width: 420px) 100vw, 420px\" \/><figcaption class=\"wp-element-caption\">Julian (l.) und Nick Diehl (r.)\n\n<\/figcaption><\/figure>\n","protected":false},"excerpt":{"rendered":"<p>Wenn am Sonntag, 5. Juli zum 8. Mal der Frankfurter lronman mit \u00fcber 2300 Triathleten zur Austragung kommt, gehen auch die beiden Nachwuchsmitglieder des TV Kirch-G\u00f6ns, Julian Andreas Diehl und Nick Maurice Diehl, aus dem n\u00f6rdlichsten Butzbacher Stadtteil bei den Iron Kids in Friedberg an den Start. Der &#8222;TV-Nachwuchs muss dabei eine 2 Kilometer lange &#8230; <a title=\"TV-lronkids starten in Friedberg\" class=\"read-more\" href=\"http:\/\/875jahrekirchgoens.de\/?p=15034\" aria-label=\"Mehr Informationen \u00fcber TV-lronkids starten in Friedberg\">Weiterlesen<\/a><\/p>\n","protected":false},"author":1,"featured_media":0,"comment_status":"closed","ping_status":"open","sticky":false,"template":"","format":"standard","meta":{"footnotes":""},"categories":[1],"tags":[],"class_list":["post-15034","post","type-post","status-publish","format-standard","hentry","category-infos"],"_links":{"self":[{"href":"http:\/\/875jahrekirchgoens.de\/index.php?rest_route=\/wp\/v2\/posts\/15034","targetHints":{"allow":["GET"]}}],"collection":[{"href":"http:\/\/875jahrekirchgoens.de\/index.php?rest_route=\/wp\/v2\/posts"}],"about":[{"href":"http:\/\/875jahrekirchgoens.de\/index.php?rest_route=\/wp\/v2\/types\/post"}],"author":[{"embeddable":true,"href":"http:\/\/875jahrekirchgoens.de\/index.php?rest_route=\/wp\/v2\/users\/1"}],"replies":[{"embeddable":true,"href":"http:\/\/875jahrekirchgoens.de\/index.php?rest_route=%2Fwp%2Fv2%2Fcomments&post=15034"}],"version-history":[{"count":1,"href":"http:\/\/875jahrekirchgoens.de\/index.php?rest_route=\/wp\/v2\/posts\/15034\/revisions"}],"predecessor-version":[{"id":15036,"href":"http:\/\/875jahrekirchgoens.de\/index.php?rest_route=\/wp\/v2\/posts\/15034\/revisions\/15036"}],"wp:attachment":[{"href":"http:\/\/875jahrekirchgoens.de\/index.php?rest_route=%2Fwp%2Fv2%2Fmedia&parent=15034"}],"wp:term":[{"taxonomy":"category","embeddable":true,"href":"http:\/\/875jahrekirchgoens.de\/index.php?rest_route=%2Fwp%2Fv2%2Fcategories&post=15034"},{"taxonomy":"post_tag","embeddable":true,"href":"http:\/\/875jahrekirchgoens.de\/index.php?rest_route=%2Fwp%2Fv2%2Ftags&post=15034"}],"curies":[{"name":"wp","href":"https:\/\/api.w.org\/{rel}","templated":true}]}}