{"id":15051,"date":"2024-02-18T11:53:29","date_gmt":"2024-02-18T11:53:29","guid":{"rendered":"http:\/\/875jahrekirchgoens.de\/?p=15051"},"modified":"2024-02-23T11:54:57","modified_gmt":"2024-02-23T11:54:57","slug":"kirch-goens-gruendete-neuen-verein","status":"publish","type":"post","link":"http:\/\/875jahrekirchgoens.de\/?p=15051","title":{"rendered":"Kirch-G\u00f6ns gr\u00fcndete neuen Verein"},"content":{"rendered":"\n<p><em>Interessengemeinschaft geht neue Wege<\/em><\/p>\n\n\n\n<p>(Mz.) Am vergangenen Sonntagmorgen gr\u00fcndete die aktuell lose Interessengemeinschaft der Kirch-G\u00f6nser Vereine und Gruppierungen einen neuen Verein. Bereits im November letzten Jahres schn\u00fcrte die IG Ihre Kr\u00e4fte und konnte unter Mitwirken des Finanzausschusses zur 875-Jahrfeier von Kirch-G\u00f6ns eine neue Satzung entwerfen.<\/p>\n\n\n\n<p>Anfang Februar lud der IG-Vorstand zur Gr\u00fcndungsversammlung der Interessengemeinschaft der Ortsvereine und Gruppen Kirch-G\u00f6ns e. V. in den Gruppenraum der Freiwilligen Feuerwehr Kirch-G\u00f6ns ein. Viele Vertreter\/innen konnten begr\u00fc\u00dft werden. Nach dem Bericht des Versammlungsleiters Michael Tiedemann \u00fcber die Gr\u00fcndung folgte die Beschlussfassung \u00fcber den Satzungsentwurf. Dem Exposee wurde von der Versammlung einstimmig zugestimmt. Die neuen Statuten wurden von elf Vereinsvertretern der Kirch-G\u00f6nser Ortsvereine und Gruppierungen gegengezeichnet.<\/p>\n\n\n\n<p>Es folgte die Aufl\u00f6sung der bisherigen IG und Wahl des Vorstandes. Markus Mohr (FFW KG) fungierte als Wahlleiter.<\/p>\n\n\n\n<p>Dem einstimmig neu gew\u00e4hlten Vorstand der Interessengemeinschaft der Ortsvereine und Gruppen Kirch-G\u00f6ns e. V. geh\u00f6ren nunmehr der 1. Vorsitzende, Michael Tiedemann, dem 2. Vorsitzenden, Stefan Euler, dem Kassenwart, Marco Drullmann und der Schriftf\u00fchrerin, Sabine Winter, an.<\/p>\n\n\n\n<p>Im Anschluss erfolgte die Wahl der Kassenpr\u00fcfer auf zwei Jahre (Patrick Wolff und Claudia Laiacker). Neue Beitrittserkl\u00e4rungen wurden gegengezeichnet. Auch an dem seit vierunddrei\u00dfig Jahren aktiven Kassenwart der bisherigen IG, Werner D\u00e4mon, wurden Gru\u00dfworte von Tiedemann ausgerichtet.<\/p>\n\n\n\n<p>Eine separate W\u00fcrdigung zu der langen Amtszeit und T\u00e4tigkeiten von D\u00e4mon erfolgt zu einem sp\u00e4teren Zeitpunkt. Unter dem Punkt Verschiedenes berichteten der Werbe-, Chronik-, Finanz- und Personalausschuss \u00fcber die aktuellen Aktivit\u00e4ten zur 875-Jahr-Feier.<\/p>\n\n\n\n<p>Tiedemann teilte mit: \u201eJetzt sind die Voraussetzungen geschaffen, richtig durchzustarten und in die hei\u00dfe Phase der Vorbereitungen zur 875-Jahr-Feier eingestiegen werden kann, wobei viele Aussch\u00fcsse bereits tatkr\u00e4ftig aktiv sind. Ein paar H\u00fcrden sind noch zu meistern\u201c. Die Satzung des neu gegr\u00fcndeten Vereines soll im Vereinsregister des Amtsgerichtes eingetragen und die Gemeinn\u00fctzigkeit beantragt werden. Tiedemann bedankte sich beim Hausherrn f\u00fcr die Nutzung der Vereinsr\u00e4ume zu der Gr\u00fcndungsversammlung und schloss nach einer einst\u00fcndigen Sitzungsdauer die Veranstaltung.<\/p>\n\n\n\n<p>Mit der bevorstehenden Gro\u00dfveranstaltung am Samstag, 31. August 2024, erfolgt der erste Gradmesser f\u00fcr das Kirch-G\u00f6nser Jubil\u00e4umsjahr. Die Kirch-G\u00f6nser planen im Rahmen ihrer Feierlichkeiten im Jahre 2025 ein bemerkenswertes Event. Achthundertf\u00fcnfundsiebzig Kirch-G\u00f6nser\/innen (ob alt, ob jung) sollen sich auf dem Kirch-G\u00f6nser Sportplatz positionieren und die symbolischen Zahlen 875 in drei Gruppen darstellen. Ein buntes Rahmenprogramm soll an diesem Tag erfolgen. Geplant ist unter anderem eine H\u00fcpfburg, Auftritt des Gospelchores \u201eLet it Shine\u201c und des Musikzuges Butzbach\/Kirch-G\u00f6ns. Auch Ex-Kirch-G\u00f6nser\/innen sind recht herzlich zu dieser Veranstaltung eingeladen. Mittels Drohne erfolgen dann Aufnahmen, welche auf der Homepage <a href=\"http:\/\/www.875jahrekirchgoens.de\">www.875jahrekirchgoens.de<\/a> eingesehen werden k\u00f6nnen.<\/p>\n\n\n\n<figure class=\"wp-block-image size-large\"><img loading=\"lazy\" decoding=\"async\" width=\"1024\" height=\"780\" src=\"http:\/\/875jahrekirchgoens.de\/wp-content\/uploads\/2024\/02\/2024-02-18.02.2024-Kirch-Goens-gruendete-neuen-Verein-IG-Vorstand-Feb-2024-1024x780.jpeg\" alt=\"\" class=\"wp-image-15052\" srcset=\"http:\/\/875jahrekirchgoens.de\/wp-content\/uploads\/2024\/02\/2024-02-18.02.2024-Kirch-Goens-gruendete-neuen-Verein-IG-Vorstand-Feb-2024-1024x780.jpeg 1024w, http:\/\/875jahrekirchgoens.de\/wp-content\/uploads\/2024\/02\/2024-02-18.02.2024-Kirch-Goens-gruendete-neuen-Verein-IG-Vorstand-Feb-2024-300x228.jpeg 300w, http:\/\/875jahrekirchgoens.de\/wp-content\/uploads\/2024\/02\/2024-02-18.02.2024-Kirch-Goens-gruendete-neuen-Verein-IG-Vorstand-Feb-2024-768x585.jpeg 768w, http:\/\/875jahrekirchgoens.de\/wp-content\/uploads\/2024\/02\/2024-02-18.02.2024-Kirch-Goens-gruendete-neuen-Verein-IG-Vorstand-Feb-2024-1536x1170.jpeg 1536w, http:\/\/875jahrekirchgoens.de\/wp-content\/uploads\/2024\/02\/2024-02-18.02.2024-Kirch-Goens-gruendete-neuen-Verein-IG-Vorstand-Feb-2024-2048x1560.jpeg 2048w\" sizes=\"auto, (max-width: 1024px) 100vw, 1024px\" \/><figcaption class=\"wp-element-caption\">Der neue Vorstand der IG Kirch-G\u00f6ns, v. l. Stefan Euler, Sabine Winter, Michael Tiedemann und Marco Drullmann. <\/figcaption><\/figure>\n","protected":false},"excerpt":{"rendered":"<p>Interessengemeinschaft geht neue Wege (Mz.) Am vergangenen Sonntagmorgen gr\u00fcndete die aktuell lose Interessengemeinschaft der Kirch-G\u00f6nser Vereine und Gruppierungen einen neuen Verein. Bereits im November letzten Jahres schn\u00fcrte die IG Ihre Kr\u00e4fte und konnte unter Mitwirken des Finanzausschusses zur 875-Jahrfeier von Kirch-G\u00f6ns eine neue Satzung entwerfen. Anfang Februar lud der IG-Vorstand zur Gr\u00fcndungsversammlung der Interessengemeinschaft der &#8230; <a title=\"Kirch-G\u00f6ns gr\u00fcndete neuen Verein\" class=\"read-more\" href=\"http:\/\/875jahrekirchgoens.de\/?p=15051\" aria-label=\"Mehr Informationen \u00fcber Kirch-G\u00f6ns gr\u00fcndete neuen Verein\">Weiterlesen<\/a><\/p>\n","protected":false},"author":1,"featured_media":0,"comment_status":"closed","ping_status":"open","sticky":false,"template":"","format":"standard","meta":{"footnotes":""},"categories":[1],"tags":[],"class_list":["post-15051","post","type-post","status-publish","format-standard","hentry","category-infos"],"_links":{"self":[{"href":"http:\/\/875jahrekirchgoens.de\/index.php?rest_route=\/wp\/v2\/posts\/15051","targetHints":{"allow":["GET"]}}],"collection":[{"href":"http:\/\/875jahrekirchgoens.de\/index.php?rest_route=\/wp\/v2\/posts"}],"about":[{"href":"http:\/\/875jahrekirchgoens.de\/index.php?rest_route=\/wp\/v2\/types\/post"}],"author":[{"embeddable":true,"href":"http:\/\/875jahrekirchgoens.de\/index.php?rest_route=\/wp\/v2\/users\/1"}],"replies":[{"embeddable":true,"href":"http:\/\/875jahrekirchgoens.de\/index.php?rest_route=%2Fwp%2Fv2%2Fcomments&post=15051"}],"version-history":[{"count":1,"href":"http:\/\/875jahrekirchgoens.de\/index.php?rest_route=\/wp\/v2\/posts\/15051\/revisions"}],"predecessor-version":[{"id":15053,"href":"http:\/\/875jahrekirchgoens.de\/index.php?rest_route=\/wp\/v2\/posts\/15051\/revisions\/15053"}],"wp:attachment":[{"href":"http:\/\/875jahrekirchgoens.de\/index.php?rest_route=%2Fwp%2Fv2%2Fmedia&parent=15051"}],"wp:term":[{"taxonomy":"category","embeddable":true,"href":"http:\/\/875jahrekirchgoens.de\/index.php?rest_route=%2Fwp%2Fv2%2Fcategories&post=15051"},{"taxonomy":"post_tag","embeddable":true,"href":"http:\/\/875jahrekirchgoens.de\/index.php?rest_route=%2Fwp%2Fv2%2Ftags&post=15051"}],"curies":[{"name":"wp","href":"https:\/\/api.w.org\/{rel}","templated":true}]}}