{"id":15056,"date":"2024-02-17T11:56:44","date_gmt":"2024-02-17T11:56:44","guid":{"rendered":"http:\/\/875jahrekirchgoens.de\/?p=15056"},"modified":"2024-02-23T11:57:11","modified_gmt":"2024-02-23T11:57:11","slug":"muell-sammeln-in-kirch-pohl-goens","status":"publish","type":"post","link":"http:\/\/875jahrekirchgoens.de\/?p=15056","title":{"rendered":"M\u00fcll sammeln in Kirch-\/Pohl-G\u00f6ns"},"content":{"rendered":"\n<p>Am Samstag, 2. M\u00e4rz, findet in den Gemarkungen Pohl-G\u00f6ns und Kirch-G\u00f6ns wieder eine Gemarkungss\u00e4uberung statt.<\/p>\n\n\n\n<p>Die Naturschutzgruppe Pohl-G\u00f6ns organisiert die Veranstaltung und l\u00e4dt alle Pohl-\/und Kirch-G\u00f6nser zum Mitmachen ein.<\/p>\n\n\n\n<p>Mitwirkende werden gebeten, sich bis zum 1. M\u00e4rz, bitte per E-Mail bei info@naturschutzgruppe-pohl\u00adgoens,de oder bei Karin Morkel Tel. 06033\/71972 (abends) oder einem Vorstandsmitglied anzumelden und die Anzahl der teilnehmenden Personen anzugeben.<\/p>\n\n\n\n<p>Wie in den vergangenen Jahren auch, wird den Teilnehmern der Aktion ein Gemarkungsteil zugeteilt.<\/p>\n\n\n\n<p>Gesammelt werden kann in der Zeit von .8 bis 15 Uhr: Es wird ausdr\u00fccklich darum gebeten, dass alle Mitwirkenden bei der Aktion Warnwesten tragen.<\/p>\n\n\n\n<p>Der Verein k\u00fcmmert sich um den Abtransport des M\u00fclls. Ab 15.00 Uhr findet am Parkplatz der Mehrzweckhalle Kirch-\/Pohl-G\u00f6ns ein gem\u00fctlicher Abschluss der Gemarkungss\u00e4uberung mit Grillw\u00fcrstchen\/Grillk\u00e4se und Erfrischungsgetr\u00e4nken statt. Alle Helfer sind herzlich dazu ein\u00ad geladen.<\/p>\n\n\n\n<p>Quelle: Butzbacher Zeitung vom 17. Februar 2024<\/p>\n","protected":false},"excerpt":{"rendered":"<p>Am Samstag, 2. M\u00e4rz, findet in den Gemarkungen Pohl-G\u00f6ns und Kirch-G\u00f6ns wieder eine Gemarkungss\u00e4uberung statt. Die Naturschutzgruppe Pohl-G\u00f6ns organisiert die Veranstaltung und l\u00e4dt alle Pohl-\/und Kirch-G\u00f6nser zum Mitmachen ein. Mitwirkende werden gebeten, sich bis zum 1. M\u00e4rz, bitte per E-Mail bei info@naturschutzgruppe-pohl\u00adgoens,de oder bei Karin Morkel Tel. 06033\/71972 (abends) oder einem Vorstandsmitglied anzumelden und die &#8230; <a title=\"M\u00fcll sammeln in Kirch-\/Pohl-G\u00f6ns\" class=\"read-more\" href=\"http:\/\/875jahrekirchgoens.de\/?p=15056\" aria-label=\"Mehr Informationen \u00fcber M\u00fcll sammeln in Kirch-\/Pohl-G\u00f6ns\">Weiterlesen<\/a><\/p>\n","protected":false},"author":1,"featured_media":0,"comment_status":"closed","ping_status":"open","sticky":false,"template":"","format":"standard","meta":{"footnotes":""},"categories":[1],"tags":[],"class_list":["post-15056","post","type-post","status-publish","format-standard","hentry","category-infos"],"_links":{"self":[{"href":"http:\/\/875jahrekirchgoens.de\/index.php?rest_route=\/wp\/v2\/posts\/15056","targetHints":{"allow":["GET"]}}],"collection":[{"href":"http:\/\/875jahrekirchgoens.de\/index.php?rest_route=\/wp\/v2\/posts"}],"about":[{"href":"http:\/\/875jahrekirchgoens.de\/index.php?rest_route=\/wp\/v2\/types\/post"}],"author":[{"embeddable":true,"href":"http:\/\/875jahrekirchgoens.de\/index.php?rest_route=\/wp\/v2\/users\/1"}],"replies":[{"embeddable":true,"href":"http:\/\/875jahrekirchgoens.de\/index.php?rest_route=%2Fwp%2Fv2%2Fcomments&post=15056"}],"version-history":[{"count":1,"href":"http:\/\/875jahrekirchgoens.de\/index.php?rest_route=\/wp\/v2\/posts\/15056\/revisions"}],"predecessor-version":[{"id":15057,"href":"http:\/\/875jahrekirchgoens.de\/index.php?rest_route=\/wp\/v2\/posts\/15056\/revisions\/15057"}],"wp:attachment":[{"href":"http:\/\/875jahrekirchgoens.de\/index.php?rest_route=%2Fwp%2Fv2%2Fmedia&parent=15056"}],"wp:term":[{"taxonomy":"category","embeddable":true,"href":"http:\/\/875jahrekirchgoens.de\/index.php?rest_route=%2Fwp%2Fv2%2Fcategories&post=15056"},{"taxonomy":"post_tag","embeddable":true,"href":"http:\/\/875jahrekirchgoens.de\/index.php?rest_route=%2Fwp%2Fv2%2Ftags&post=15056"}],"curies":[{"name":"wp","href":"https:\/\/api.w.org\/{rel}","templated":true}]}}