{"id":15059,"date":"2024-02-13T11:58:40","date_gmt":"2024-02-13T11:58:40","guid":{"rendered":"http:\/\/875jahrekirchgoens.de\/?p=15059"},"modified":"2024-02-23T12:01:24","modified_gmt":"2024-02-23T12:01:24","slug":"goenser-faschingstreiben-am-fastnachtsdienstag","status":"publish","type":"post","link":"http:\/\/875jahrekirchgoens.de\/?p=15059","title":{"rendered":"G\u00f6nser Faschingstreiben am Fastnachtsdienstag"},"content":{"rendered":"\n<p><em>Fassenachtsverein Pohl-G\u00f6ns und TV Kirch-G\u00f6ns feiern gemeinsam<\/em><\/p>\n\n\n\n<p>(Mz). Viele bunt gekleidete und fr\u00f6hliche Kinder und Erwachsene konnten die gemeinsamen Veranstalter (Pohl-G\u00f6nser Fassenachtsverein 2004 e. V. und TV Vorw\u00e4rts 1891 Kirch-G\u00f6ns e. V.) im bunt geschm\u00fcckten B\u00fcrgertreff in Pohl-G\u00f6ns begr\u00fc\u00dfen.<\/p>\n\n\n\n<p>P\u00fcnktlich um 14.11 Uhr startete die Veranstaltung und die Kinder konnten sich \u00fcber viele Mitmachaktionen freuen. Gut vorbereitet boten die Vereine den kleinen und gro\u00dfen G\u00e4sten aus beiden Ortschaften ein Erlebnis.<\/p>\n\n\n\n<p>Besonders strahlten die Kinder \u00fcber den Auftritt der \u201eKleinen Garde\u201c des Pohl-G\u00f6nser Fastnachtsvereins, die bereits zwei vielumjubelte Auftritte am Faschingswochenende hatten. Eine Zugabe der jungen Damen, welche unter neuer Leitung von Luisa Hofmann, Laura H\u00f6gel und Luisa M\u00fcller trainiert werden, musste folgen.<\/p>\n\n\n\n<p>Ein weiteres Highlight war der Auftritt der Minitanzgruppe des TV Kirch- und Pohl-G\u00f6ns. \u00dcbungsleiterin Bianca Drullmann konnte sich \u00fcber den Auftritt ihrer Kids freuen. Auch hier folgte eine Zugabe.<\/p>\n\n\n\n<p>Zu sp\u00e4terer Stunde konnten die Veranstalter mehrere Wandergruppen begr\u00fc\u00dfen, die sich frisch gebackene Eier mit Speck und Heringssalat mit Brot schmecken lie\u00dfen. Bei feuchtfr\u00f6hlichem Gesang und vielen Kaltgetr\u00e4nken beendeten die Faschingstreibenden die Saison.<\/p>\n\n\n\n<p>Der Dank der Veranstalter gilt allen Helferinnen und Helfern auf und hinter der B\u00fchne f\u00fcr den Ablauf, dem Kaffee- und Waffelteam sowie dem K\u00fcchenpersonal.<\/p>\n\n\n\n<p>Bilder: TV Kirch-G\u00f6ns<\/p>\n\n\n\n<figure class=\"wp-block-gallery has-nested-images columns-default is-cropped wp-block-gallery-1 is-layout-flex wp-block-gallery-is-layout-flex\">\n<figure class=\"wp-block-image size-large\"><img loading=\"lazy\" decoding=\"async\" width=\"1024\" height=\"554\" data-id=\"15061\" src=\"http:\/\/875jahrekirchgoens.de\/wp-content\/uploads\/2024\/02\/Kinderfasching-TV-2024-3-1024x554.jpeg\" alt=\"\" class=\"wp-image-15061\" srcset=\"http:\/\/875jahrekirchgoens.de\/wp-content\/uploads\/2024\/02\/Kinderfasching-TV-2024-3-1024x554.jpeg 1024w, http:\/\/875jahrekirchgoens.de\/wp-content\/uploads\/2024\/02\/Kinderfasching-TV-2024-3-300x162.jpeg 300w, http:\/\/875jahrekirchgoens.de\/wp-content\/uploads\/2024\/02\/Kinderfasching-TV-2024-3-768x416.jpeg 768w, http:\/\/875jahrekirchgoens.de\/wp-content\/uploads\/2024\/02\/Kinderfasching-TV-2024-3-1536x831.jpeg 1536w, http:\/\/875jahrekirchgoens.de\/wp-content\/uploads\/2024\/02\/Kinderfasching-TV-2024-3.jpeg 1600w\" sizes=\"auto, (max-width: 1024px) 100vw, 1024px\" \/><\/figure>\n\n\n\n<figure class=\"wp-block-image size-large\"><img loading=\"lazy\" decoding=\"async\" width=\"1024\" height=\"768\" data-id=\"15060\" src=\"http:\/\/875jahrekirchgoens.de\/wp-content\/uploads\/2024\/02\/Kinderfasching-TV-2024-1-1024x768.jpeg\" alt=\"\" class=\"wp-image-15060\" srcset=\"http:\/\/875jahrekirchgoens.de\/wp-content\/uploads\/2024\/02\/Kinderfasching-TV-2024-1-1024x768.jpeg 1024w, http:\/\/875jahrekirchgoens.de\/wp-content\/uploads\/2024\/02\/Kinderfasching-TV-2024-1-300x225.jpeg 300w, http:\/\/875jahrekirchgoens.de\/wp-content\/uploads\/2024\/02\/Kinderfasching-TV-2024-1-768x576.jpeg 768w, http:\/\/875jahrekirchgoens.de\/wp-content\/uploads\/2024\/02\/Kinderfasching-TV-2024-1-1536x1152.jpeg 1536w, http:\/\/875jahrekirchgoens.de\/wp-content\/uploads\/2024\/02\/Kinderfasching-TV-2024-1-2048x1536.jpeg 2048w\" sizes=\"auto, (max-width: 1024px) 100vw, 1024px\" \/><\/figure>\n<\/figure>\n","protected":false},"excerpt":{"rendered":"<p>Fassenachtsverein Pohl-G\u00f6ns und TV Kirch-G\u00f6ns feiern gemeinsam (Mz). Viele bunt gekleidete und fr\u00f6hliche Kinder und Erwachsene konnten die gemeinsamen Veranstalter (Pohl-G\u00f6nser Fassenachtsverein 2004 e. V. und TV Vorw\u00e4rts 1891 Kirch-G\u00f6ns e. V.) im bunt geschm\u00fcckten B\u00fcrgertreff in Pohl-G\u00f6ns begr\u00fc\u00dfen. P\u00fcnktlich um 14.11 Uhr startete die Veranstaltung und die Kinder konnten sich \u00fcber viele Mitmachaktionen freuen. &#8230; <a title=\"G\u00f6nser Faschingstreiben am Fastnachtsdienstag\" class=\"read-more\" href=\"http:\/\/875jahrekirchgoens.de\/?p=15059\" aria-label=\"Mehr Informationen \u00fcber G\u00f6nser Faschingstreiben am Fastnachtsdienstag\">Weiterlesen<\/a><\/p>\n","protected":false},"author":1,"featured_media":0,"comment_status":"closed","ping_status":"open","sticky":false,"template":"","format":"standard","meta":{"footnotes":""},"categories":[1],"tags":[],"class_list":["post-15059","post","type-post","status-publish","format-standard","hentry","category-infos"],"_links":{"self":[{"href":"http:\/\/875jahrekirchgoens.de\/index.php?rest_route=\/wp\/v2\/posts\/15059","targetHints":{"allow":["GET"]}}],"collection":[{"href":"http:\/\/875jahrekirchgoens.de\/index.php?rest_route=\/wp\/v2\/posts"}],"about":[{"href":"http:\/\/875jahrekirchgoens.de\/index.php?rest_route=\/wp\/v2\/types\/post"}],"author":[{"embeddable":true,"href":"http:\/\/875jahrekirchgoens.de\/index.php?rest_route=\/wp\/v2\/users\/1"}],"replies":[{"embeddable":true,"href":"http:\/\/875jahrekirchgoens.de\/index.php?rest_route=%2Fwp%2Fv2%2Fcomments&post=15059"}],"version-history":[{"count":1,"href":"http:\/\/875jahrekirchgoens.de\/index.php?rest_route=\/wp\/v2\/posts\/15059\/revisions"}],"predecessor-version":[{"id":15062,"href":"http:\/\/875jahrekirchgoens.de\/index.php?rest_route=\/wp\/v2\/posts\/15059\/revisions\/15062"}],"wp:attachment":[{"href":"http:\/\/875jahrekirchgoens.de\/index.php?rest_route=%2Fwp%2Fv2%2Fmedia&parent=15059"}],"wp:term":[{"taxonomy":"category","embeddable":true,"href":"http:\/\/875jahrekirchgoens.de\/index.php?rest_route=%2Fwp%2Fv2%2Fcategories&post=15059"},{"taxonomy":"post_tag","embeddable":true,"href":"http:\/\/875jahrekirchgoens.de\/index.php?rest_route=%2Fwp%2Fv2%2Ftags&post=15059"}],"curies":[{"name":"wp","href":"https:\/\/api.w.org\/{rel}","templated":true}]}}