{"id":15064,"date":"2024-02-14T12:04:56","date_gmt":"2024-02-14T12:04:56","guid":{"rendered":"http:\/\/875jahrekirchgoens.de\/?p=15064"},"modified":"2024-02-23T12:08:47","modified_gmt":"2024-02-23T12:08:47","slug":"oswald-kloes-ist-95-jahre-alt","status":"publish","type":"post","link":"http:\/\/875jahrekirchgoens.de\/?p=15064","title":{"rendered":"Oswald Kl\u00f6s ist 95 Jahre alt"},"content":{"rendered":"\n<p><em>J\u00e4gervereinigung gratuliert ihrem \u00e4ltesten Mitglied<\/em><\/p>\n\n\n\n<p>Am vergangenen Donnerstag hat Oswald Kl\u00f6s in der Seniorenresidenz Rosengarten in Kirch-G\u00f6ns seinen 95. Geburtstag gefeiert.<\/p>\n\n\n\n<p>Eine zehnk\u00f6pfige Delegation der J\u00e4gervereinigung Butzbach um den Vorsitzenden Thorsten M\u00fcller gratulierte herzlich. In seiner Laudatio erkl\u00e4rte M\u00fcller, dass Kl\u00f6s dem Verein seit dem 1. Oktober 1969 angeh\u00f6rt und das \u00e4lteste Mitglied der J\u00e4gervereinigung Butzbach ist.<\/p>\n\n\n\n<p>Kl\u00f6s ist eine lebende Legende, hei\u00dft es von der Vereinigung. Es gebe kaum jemanden in der Butzbacher J\u00e4gerschaft, der ihn nicht kenne. Kl\u00f6s, der gro\u00dfe Teile seines Berufslebens im Starkstrom-Gesch\u00e4ft der Siemens AG zugebracht hatte, war bei den Butzbacher J\u00e4gern \u00fcber viele Jahre f\u00fcr das \u201cStrippenziehen\u201c verantwortlich. \u201eEs war nie dunkel bei uns, dort, wo Kl\u00f6s war, war Licht\u201c, erkl\u00e4rte M\u00fcller mit einem Schmunzeln.<\/p>\n\n\n\n<p>Kl\u00f6s habe bis vor Kurzem viele Jahrzehnte Jagdhorn im Bl\u00e4sercorps der Butzbacher gespielt. In den 80er Jahren war er Teil des Bl\u00e4sercorps, das den deutschen Vizemeistertitel im Jagdhornblasen nach Butzbach holte.<\/p>\n\n\n\n<p>Die wichtigsten Charaktereigenschaften von Kl\u00f6s seien Treue und Zuverl\u00e4ssigkeit. Es habe kaum eine Bl\u00e4serstunde gegeben, an der Kl\u00f6s nicht teilgenommen habe. Damit habe er dem Bl\u00e4sercorps \u00fcber viele Jahre eine hohe Stabilit\u00e4t gegeben und sei Fels in der Brandung gewesen.<\/p>\n\n\n\n<p>Das Bl\u00e4sercorps blies zum Abschluss der Feierlichkeiten das Ehrensignal f\u00fcr den Muffel \u2013 dies ist das Lieblingssignal des Jubilars. Zus\u00e4tzlich wurden einige J\u00e4germ\u00e4rsche intoniert.<\/p>\n\n\n\n<p>Quelle und Bild: Butzbacher Zeitung vom 14. Februar 2024<\/p>\n\n\n\n<figure class=\"wp-block-image size-full\"><img loading=\"lazy\" decoding=\"async\" width=\"185\" height=\"229\" src=\"http:\/\/875jahrekirchgoens.de\/wp-content\/uploads\/2024\/02\/Jaeger-Bild1.png\" alt=\"\" class=\"wp-image-15065\"\/><figcaption class=\"wp-element-caption\">Thorsten M\u00fcller (l.) gratuliert Oswald Kl\u00f6s<\/figcaption><\/figure>\n","protected":false},"excerpt":{"rendered":"<p>J\u00e4gervereinigung gratuliert ihrem \u00e4ltesten Mitglied Am vergangenen Donnerstag hat Oswald Kl\u00f6s in der Seniorenresidenz Rosengarten in Kirch-G\u00f6ns seinen 95. Geburtstag gefeiert. Eine zehnk\u00f6pfige Delegation der J\u00e4gervereinigung Butzbach um den Vorsitzenden Thorsten M\u00fcller gratulierte herzlich. In seiner Laudatio erkl\u00e4rte M\u00fcller, dass Kl\u00f6s dem Verein seit dem 1. Oktober 1969 angeh\u00f6rt und das \u00e4lteste Mitglied der J\u00e4gervereinigung &#8230; <a title=\"Oswald Kl\u00f6s ist 95 Jahre alt\" class=\"read-more\" href=\"http:\/\/875jahrekirchgoens.de\/?p=15064\" aria-label=\"Mehr Informationen \u00fcber Oswald Kl\u00f6s ist 95 Jahre alt\">Weiterlesen<\/a><\/p>\n","protected":false},"author":1,"featured_media":0,"comment_status":"closed","ping_status":"open","sticky":false,"template":"","format":"standard","meta":{"footnotes":""},"categories":[1],"tags":[],"class_list":["post-15064","post","type-post","status-publish","format-standard","hentry","category-infos"],"_links":{"self":[{"href":"http:\/\/875jahrekirchgoens.de\/index.php?rest_route=\/wp\/v2\/posts\/15064","targetHints":{"allow":["GET"]}}],"collection":[{"href":"http:\/\/875jahrekirchgoens.de\/index.php?rest_route=\/wp\/v2\/posts"}],"about":[{"href":"http:\/\/875jahrekirchgoens.de\/index.php?rest_route=\/wp\/v2\/types\/post"}],"author":[{"embeddable":true,"href":"http:\/\/875jahrekirchgoens.de\/index.php?rest_route=\/wp\/v2\/users\/1"}],"replies":[{"embeddable":true,"href":"http:\/\/875jahrekirchgoens.de\/index.php?rest_route=%2Fwp%2Fv2%2Fcomments&post=15064"}],"version-history":[{"count":1,"href":"http:\/\/875jahrekirchgoens.de\/index.php?rest_route=\/wp\/v2\/posts\/15064\/revisions"}],"predecessor-version":[{"id":15066,"href":"http:\/\/875jahrekirchgoens.de\/index.php?rest_route=\/wp\/v2\/posts\/15064\/revisions\/15066"}],"wp:attachment":[{"href":"http:\/\/875jahrekirchgoens.de\/index.php?rest_route=%2Fwp%2Fv2%2Fmedia&parent=15064"}],"wp:term":[{"taxonomy":"category","embeddable":true,"href":"http:\/\/875jahrekirchgoens.de\/index.php?rest_route=%2Fwp%2Fv2%2Fcategories&post=15064"},{"taxonomy":"post_tag","embeddable":true,"href":"http:\/\/875jahrekirchgoens.de\/index.php?rest_route=%2Fwp%2Fv2%2Ftags&post=15064"}],"curies":[{"name":"wp","href":"https:\/\/api.w.org\/{rel}","templated":true}]}}