{"id":15069,"date":"2024-02-09T12:21:12","date_gmt":"2024-02-09T12:21:12","guid":{"rendered":"http:\/\/875jahrekirchgoens.de\/?p=15069"},"modified":"2024-02-23T12:23:35","modified_gmt":"2024-02-23T12:23:35","slug":"die-naerrische-uebungsstunde","status":"publish","type":"post","link":"http:\/\/875jahrekirchgoens.de\/?p=15069","title":{"rendered":"Die n\u00e4rrische \u00dcbungsstunde \u2026"},"content":{"rendered":"\n<p>\u2026 des ehemaligen Fanfarenzuges der Freiwilligen Feuerwehr Kirch-G\u00f6ns war ein voller Erfolg, obwohl einige Aktive aus gesundheitlichen Gr\u00fcnden nicht anwesend sein konnten. In die B\u00fctt gestiegen sind William Thum und Helmut R\u00fchl. Beide wurden mit gro\u00dfem Applaus bedacht.<\/p>\n\n\n\n<p>Quelle und Bild: Butzbacher Zeitung vom 9. Februar 2024<\/p>\n\n\n\n<figure class=\"wp-block-image size-full\"><img loading=\"lazy\" decoding=\"async\" width=\"599\" height=\"318\" src=\"http:\/\/875jahrekirchgoens.de\/wp-content\/uploads\/2024\/02\/Turnstunde-Bild1.png\" alt=\"\" class=\"wp-image-15070\" srcset=\"http:\/\/875jahrekirchgoens.de\/wp-content\/uploads\/2024\/02\/Turnstunde-Bild1.png 599w, http:\/\/875jahrekirchgoens.de\/wp-content\/uploads\/2024\/02\/Turnstunde-Bild1-300x159.png 300w\" sizes=\"auto, (max-width: 599px) 100vw, 599px\" \/><\/figure>\n","protected":false},"excerpt":{"rendered":"<p>\u2026 des ehemaligen Fanfarenzuges der Freiwilligen Feuerwehr Kirch-G\u00f6ns war ein voller Erfolg, obwohl einige Aktive aus gesundheitlichen Gr\u00fcnden nicht anwesend sein konnten. In die B\u00fctt gestiegen sind William Thum und Helmut R\u00fchl. Beide wurden mit gro\u00dfem Applaus bedacht. Quelle und Bild: Butzbacher Zeitung vom 9. Februar 2024<\/p>\n","protected":false},"author":1,"featured_media":0,"comment_status":"closed","ping_status":"open","sticky":false,"template":"","format":"standard","meta":{"footnotes":""},"categories":[1],"tags":[],"class_list":["post-15069","post","type-post","status-publish","format-standard","hentry","category-infos"],"_links":{"self":[{"href":"http:\/\/875jahrekirchgoens.de\/index.php?rest_route=\/wp\/v2\/posts\/15069","targetHints":{"allow":["GET"]}}],"collection":[{"href":"http:\/\/875jahrekirchgoens.de\/index.php?rest_route=\/wp\/v2\/posts"}],"about":[{"href":"http:\/\/875jahrekirchgoens.de\/index.php?rest_route=\/wp\/v2\/types\/post"}],"author":[{"embeddable":true,"href":"http:\/\/875jahrekirchgoens.de\/index.php?rest_route=\/wp\/v2\/users\/1"}],"replies":[{"embeddable":true,"href":"http:\/\/875jahrekirchgoens.de\/index.php?rest_route=%2Fwp%2Fv2%2Fcomments&post=15069"}],"version-history":[{"count":1,"href":"http:\/\/875jahrekirchgoens.de\/index.php?rest_route=\/wp\/v2\/posts\/15069\/revisions"}],"predecessor-version":[{"id":15071,"href":"http:\/\/875jahrekirchgoens.de\/index.php?rest_route=\/wp\/v2\/posts\/15069\/revisions\/15071"}],"wp:attachment":[{"href":"http:\/\/875jahrekirchgoens.de\/index.php?rest_route=%2Fwp%2Fv2%2Fmedia&parent=15069"}],"wp:term":[{"taxonomy":"category","embeddable":true,"href":"http:\/\/875jahrekirchgoens.de\/index.php?rest_route=%2Fwp%2Fv2%2Fcategories&post=15069"},{"taxonomy":"post_tag","embeddable":true,"href":"http:\/\/875jahrekirchgoens.de\/index.php?rest_route=%2Fwp%2Fv2%2Ftags&post=15069"}],"curies":[{"name":"wp","href":"https:\/\/api.w.org\/{rel}","templated":true}]}}