{"id":15079,"date":"2023-07-08T15:42:00","date_gmt":"2023-07-08T15:42:00","guid":{"rendered":"http:\/\/875jahrekirchgoens.de\/?p=15079"},"modified":"2024-02-23T15:43:44","modified_gmt":"2024-02-23T15:43:44","slug":"goenser-sportakrobaten-beim-hessenpokal-erfolgreich","status":"publish","type":"post","link":"http:\/\/875jahrekirchgoens.de\/?p=15079","title":{"rendered":"G\u00f6nser Sportakrobaten beim Hessenpokal erfolgreich"},"content":{"rendered":"\n<p>Die drei A-Klasse-Wettkampfformationen aus Pohl-G\u00f6ns, Kirch-G\u00f6ns und Ebersg\u00f6ns gingen in Pfungstadt zusammen mit zwei Nachwuchs-Formationen aus G\u00f6tzenhain in einer Wettkampfgemeinschaft beim Hessenpokal an den Start. Leider konnten die G\u00f6nser an dem Tag keine Nachwuchsformation aus ihren Reihen stellen, daher danken sie der SG G\u00f6tzenhain f\u00fcr deren Unterst\u00fctzung. <\/p>\n\n\n\n<p>Alle Vereine aus Hessen und zwei Vereine aus Rheinland-Pfalz gingen an den Start. Einige Vereine starteten nochmals mit einer Wettkampfgemeinschaft, um ihre gesamten Sportakrobaten auf die Matte zuschicken. Eine Mannschaft besteht aus drei A-Klasse- und zwei Nachwuchs-Formationen. Das Trio Rosalia Weih, Finja Ratz und Lara Heimsoth zeigt eine\u201esch\u00f6ne, sauber geturnte kombiniert \u00dcbung in der Altersklasse Jugend (10 &#8211; 16). Das Trio Lea Volle, Beatrice Gobbo und Blanca Zuparic ging mit seiner flotten Dynamik-\u00dcbung in Junioren 1 (12 &#8211; l8) an den Start, auch diese \u00dcbung war gelungen. <\/p>\n\n\n\n<p>Das Damenpaar Carolina Volk und Jasmin Faber pr\u00e4sentierte seine peppige Balance-\u00dcbung in der Altersklasse Junioren 2 (13 &#8211; 19). Die beiden turnten fehlerfrei ohne Wackler und kamen mit ihrer tollen Wertung ins Einzelfinale der zehn besten Formationen aus Hessen und Rheinland-Pfalz. Carolina und Jasmin konnten ihre Wertung im Finale nochmals verbessern und steigerten sich auf Platz f\u00fcnf der besten Formationen. Die beiden waren im Finale das beste Damenpaar. Die Wettkampfgemeinschaft Pohl-G\u00f6ns\/G\u00f6tzenhain erreichte einen tollen neunten Platz.<\/p>\n\n\n\n<p>Quelle und Bild: Butzbacher Zeitung vom 8. Juli 2023<\/p>\n\n\n\n<figure class=\"wp-block-image size-full\"><img loading=\"lazy\" decoding=\"async\" width=\"274\" height=\"239\" src=\"http:\/\/875jahrekirchgoens.de\/wp-content\/uploads\/2024\/02\/Sportakrob-Bild1.png\" alt=\"\" class=\"wp-image-15078\"\/><figcaption class=\"wp-element-caption\">Sehr erfolgreich waren die G\u00f6nser Sportakrobaten beim Hessenpokal 2023 in Pfungstadt. Das Foto zeigt: hintere Reihe v. l.: Rosalia Weth, Finja Ratz, Carolina Volk, Lea Volk, Beatrice Gobbo, vordere Reihe v. l.: Lara Heimsoth, Jasmin Faber und Blanca Zuparic<\/figcaption><\/figure>\n","protected":false},"excerpt":{"rendered":"<p>Die drei A-Klasse-Wettkampfformationen aus Pohl-G\u00f6ns, Kirch-G\u00f6ns und Ebersg\u00f6ns gingen in Pfungstadt zusammen mit zwei Nachwuchs-Formationen aus G\u00f6tzenhain in einer Wettkampfgemeinschaft beim Hessenpokal an den Start. Leider konnten die G\u00f6nser an dem Tag keine Nachwuchsformation aus ihren Reihen stellen, daher danken sie der SG G\u00f6tzenhain f\u00fcr deren Unterst\u00fctzung. Alle Vereine aus Hessen und zwei Vereine aus &#8230; <a title=\"G\u00f6nser Sportakrobaten beim Hessenpokal erfolgreich\" class=\"read-more\" href=\"http:\/\/875jahrekirchgoens.de\/?p=15079\" aria-label=\"Mehr Informationen \u00fcber G\u00f6nser Sportakrobaten beim Hessenpokal erfolgreich\">Weiterlesen<\/a><\/p>\n","protected":false},"author":1,"featured_media":0,"comment_status":"closed","ping_status":"open","sticky":false,"template":"","format":"standard","meta":{"footnotes":""},"categories":[1],"tags":[],"class_list":["post-15079","post","type-post","status-publish","format-standard","hentry","category-infos"],"_links":{"self":[{"href":"http:\/\/875jahrekirchgoens.de\/index.php?rest_route=\/wp\/v2\/posts\/15079","targetHints":{"allow":["GET"]}}],"collection":[{"href":"http:\/\/875jahrekirchgoens.de\/index.php?rest_route=\/wp\/v2\/posts"}],"about":[{"href":"http:\/\/875jahrekirchgoens.de\/index.php?rest_route=\/wp\/v2\/types\/post"}],"author":[{"embeddable":true,"href":"http:\/\/875jahrekirchgoens.de\/index.php?rest_route=\/wp\/v2\/users\/1"}],"replies":[{"embeddable":true,"href":"http:\/\/875jahrekirchgoens.de\/index.php?rest_route=%2Fwp%2Fv2%2Fcomments&post=15079"}],"version-history":[{"count":1,"href":"http:\/\/875jahrekirchgoens.de\/index.php?rest_route=\/wp\/v2\/posts\/15079\/revisions"}],"predecessor-version":[{"id":15080,"href":"http:\/\/875jahrekirchgoens.de\/index.php?rest_route=\/wp\/v2\/posts\/15079\/revisions\/15080"}],"wp:attachment":[{"href":"http:\/\/875jahrekirchgoens.de\/index.php?rest_route=%2Fwp%2Fv2%2Fmedia&parent=15079"}],"wp:term":[{"taxonomy":"category","embeddable":true,"href":"http:\/\/875jahrekirchgoens.de\/index.php?rest_route=%2Fwp%2Fv2%2Fcategories&post=15079"},{"taxonomy":"post_tag","embeddable":true,"href":"http:\/\/875jahrekirchgoens.de\/index.php?rest_route=%2Fwp%2Fv2%2Ftags&post=15079"}],"curies":[{"name":"wp","href":"https:\/\/api.w.org\/{rel}","templated":true}]}}