{"id":15084,"date":"2024-02-27T12:46:00","date_gmt":"2024-02-27T12:46:00","guid":{"rendered":"http:\/\/875jahrekirchgoens.de\/?p=15084"},"modified":"2024-03-01T12:47:46","modified_gmt":"2024-03-01T12:47:46","slug":"abschied-von-anita-pietsch","status":"publish","type":"post","link":"http:\/\/875jahrekirchgoens.de\/?p=15084","title":{"rendered":"Abschied von Anita Pietsch"},"content":{"rendered":"\n<p>Der ehemalige Fanfarenzug der Freiwilligen Feuerwehr Kirch-G\u00f6ns nahm\u00b7am vergangenen Donnerstag auf dem Friedhof in M\u00fcnster Abschied von Anita Pietsch, geb. M\u00fcller. Sie verstarb im Alter von nur 54 Jahren nach langer schwerer Krankheit, wie die Musiker mitteilen.<\/p>\n\n\n\n<p>Mehr als 40 Jahre lang war sie mit Begeisterung im Spiel\u00ad manns- und Fanfarenzug der Feuerwehr Kirch-G\u00f6ns t\u00e4tig. Zusammen mit ihrer Mutter Brigitte M\u00fcller, Sohn Kai, und ihrem bereits verstorbenen Vater Walter M\u00fcller, bekannt als der Trompeter vom Philippseck, kam sie immer wieder nach Kirch-G\u00f6ns.<\/p>\n\n\n\n<p>Sie war eine begeisterte Fanfarenbl\u00e4serin, und mit ihren Solos zeigte sie immer wieder ihr musikalisches K\u00f6nnen.<\/p>\n\n\n\n<p>Einen ihrer letzten W\u00fcnsche erf\u00fcllte der ehemalige Fanfarenzug. Andreas Weinelt, Mitglied der Feuerwehr-Kapelle Butzbach\/Kirch-G\u00f6ns trug bei der Beisetzung den \u00abB\u00f6hmischen Traum\u00ab von Ernst Mosch vor.<\/p>\n\n\n\n<p>Quelle und Bild: Butzbacher Zeitung vom 27. Februar 2024<\/p>\n\n\n\n<figure class=\"wp-block-image size-full\"><img loading=\"lazy\" decoding=\"async\" width=\"186\" height=\"212\" src=\"http:\/\/875jahrekirchgoens.de\/wp-content\/uploads\/2024\/03\/Pietsch-Bild1.png\" alt=\"\" class=\"wp-image-15083\"\/><figcaption class=\"wp-element-caption\">Der Spielmanns- und Fanfarenzug Kirch-G\u00f6ns trauert um Anita Pietsch<\/figcaption><\/figure>\n","protected":false},"excerpt":{"rendered":"<p>Der ehemalige Fanfarenzug der Freiwilligen Feuerwehr Kirch-G\u00f6ns nahm\u00b7am vergangenen Donnerstag auf dem Friedhof in M\u00fcnster Abschied von Anita Pietsch, geb. M\u00fcller. Sie verstarb im Alter von nur 54 Jahren nach langer schwerer Krankheit, wie die Musiker mitteilen. Mehr als 40 Jahre lang war sie mit Begeisterung im Spiel\u00ad manns- und Fanfarenzug der Feuerwehr Kirch-G\u00f6ns t\u00e4tig. &#8230; <a title=\"Abschied von Anita Pietsch\" class=\"read-more\" href=\"http:\/\/875jahrekirchgoens.de\/?p=15084\" aria-label=\"Mehr Informationen \u00fcber Abschied von Anita Pietsch\">Weiterlesen<\/a><\/p>\n","protected":false},"author":1,"featured_media":0,"comment_status":"closed","ping_status":"open","sticky":false,"template":"","format":"standard","meta":{"footnotes":""},"categories":[1],"tags":[],"class_list":["post-15084","post","type-post","status-publish","format-standard","hentry","category-infos"],"_links":{"self":[{"href":"http:\/\/875jahrekirchgoens.de\/index.php?rest_route=\/wp\/v2\/posts\/15084","targetHints":{"allow":["GET"]}}],"collection":[{"href":"http:\/\/875jahrekirchgoens.de\/index.php?rest_route=\/wp\/v2\/posts"}],"about":[{"href":"http:\/\/875jahrekirchgoens.de\/index.php?rest_route=\/wp\/v2\/types\/post"}],"author":[{"embeddable":true,"href":"http:\/\/875jahrekirchgoens.de\/index.php?rest_route=\/wp\/v2\/users\/1"}],"replies":[{"embeddable":true,"href":"http:\/\/875jahrekirchgoens.de\/index.php?rest_route=%2Fwp%2Fv2%2Fcomments&post=15084"}],"version-history":[{"count":1,"href":"http:\/\/875jahrekirchgoens.de\/index.php?rest_route=\/wp\/v2\/posts\/15084\/revisions"}],"predecessor-version":[{"id":15085,"href":"http:\/\/875jahrekirchgoens.de\/index.php?rest_route=\/wp\/v2\/posts\/15084\/revisions\/15085"}],"wp:attachment":[{"href":"http:\/\/875jahrekirchgoens.de\/index.php?rest_route=%2Fwp%2Fv2%2Fmedia&parent=15084"}],"wp:term":[{"taxonomy":"category","embeddable":true,"href":"http:\/\/875jahrekirchgoens.de\/index.php?rest_route=%2Fwp%2Fv2%2Fcategories&post=15084"},{"taxonomy":"post_tag","embeddable":true,"href":"http:\/\/875jahrekirchgoens.de\/index.php?rest_route=%2Fwp%2Fv2%2Ftags&post=15084"}],"curies":[{"name":"wp","href":"https:\/\/api.w.org\/{rel}","templated":true}]}}