{"id":15088,"date":"2024-02-26T12:51:00","date_gmt":"2024-02-26T12:51:00","guid":{"rendered":"http:\/\/875jahrekirchgoens.de\/?p=15088"},"modified":"2024-03-01T12:52:07","modified_gmt":"2024-03-01T12:52:07","slug":"neue-weibliche-doppelspitze","status":"publish","type":"post","link":"http:\/\/875jahrekirchgoens.de\/?p=15088","title":{"rendered":"Neue weibliche Doppelspitze"},"content":{"rendered":"\n<p><em>Sabine Lex und Heidrun Diehl stehen dem Musikzug Kirch-G\u00f6ns vor<\/em><\/p>\n\n\n\n<p>J\u00fcngst hat die Jahreshauptversammlung des Musikzugs Kirch-G\u00f6ns und die erste konstituierende Vorstandssitzung stattgefunden. Bei der Hauptversammlung wurde Sabine Lex zur neuen Vorsitzenden und Heidrun Diehl zur Zweiten Vorsitzenden gew\u00e4hlt.<\/p>\n\n\n\n<p>Nach neun Jahren h\u00f6rt Thomas Bier als <em>Vor<\/em>sitzender auf, teilt der <em>Verein <\/em>mit. Er werde aber zuk\u00fcnftig als Beisitzer t\u00e4tig sein und sich weiter als Ansprechpartner um die Belange der Feuerwehrmusik Butzbach\/Kirch\u00adG\u00f6ns k\u00fcmmern. Mit einem Pr\u00e4sent bedankte sich die neue weibliche Doppelspitze bei Bier f\u00fcr seine langj\u00e4hrige T\u00e4tigkeit. In seiner Amtszeit wurde u.a. die Feuerwehrmusik Butzbach\/Kirch\u00adG\u00f6ns formal gegr\u00fcndet. Dabei handelt es sich um die musikalische Spielgemeinschaft zwischen dem Musikzug Kirch-G\u00f6ns und der Feuerwehrkapelle Butzbach. In seiner Amtszeit, vor sieben Jahren, sei Petra Scholl neue Dirigentin der Feuerwehrmusik geworden.<\/p>\n\n\n\n<p>Neben der Doppelspitze bestehend aus Lex und Diehl ist Nils Henkel als Schriftf\u00fchrer und Benedikt Reuhl als Kassenwart t\u00e4tig.<\/p>\n\n\n\n<p>Bei der Versammlung des Musikzugs wurde auf das vergangene Jahr zur\u00fcckgeblickt. Als besonderes Highlight konnte beim Sommerfest der Feuerwehr Kirch-G\u00f6ns das 60-j\u00e4hrige Jubil\u00e4um nachgeholt werden.<\/p>\n\n\n\n<p>Nach einem Auftritt der Feuerwehrmusik fanden Ehrungen statt. Der Musikzug Kirch-G\u00f6ns w\u00fcrde sich auch f\u00fcr 2024 \u00fcber so einen Auftritt freuen, wie er mitteilt.<\/p>\n\n\n\n<p>Bei der ersten konstituierenden Vorstandsitzung wurde Kurt Schwarzer aus seiner langj\u00e4hrigen T\u00e4tigkeit als Instrumenten- und Zeugwart verabschiedet.<\/p>\n\n\n\n<p>Quelle und Bild: Butzbacher Zeitung vom 26. Februar 2024<\/p>\n\n\n\n<figure class=\"wp-block-image size-full\"><img loading=\"lazy\" decoding=\"async\" width=\"528\" height=\"177\" src=\"http:\/\/875jahrekirchgoens.de\/wp-content\/uploads\/2024\/03\/Musik-Bild1.jpg\" alt=\"\" class=\"wp-image-15089\" srcset=\"http:\/\/875jahrekirchgoens.de\/wp-content\/uploads\/2024\/03\/Musik-Bild1.jpg 528w, http:\/\/875jahrekirchgoens.de\/wp-content\/uploads\/2024\/03\/Musik-Bild1-300x101.jpg 300w\" sizes=\"auto, (max-width: 528px) 100vw, 528px\" \/><figcaption class=\"wp-element-caption\">Der neue Vorstand des Musikzugs Kirch-G\u00f6ns mit dem, aus dem Vorstand ausgeschiedenen, Instrumenten- und Zeugwart Kurt Schwarzer (2. v. l.).\n\n<\/figcaption><\/figure>\n","protected":false},"excerpt":{"rendered":"<p>Sabine Lex und Heidrun Diehl stehen dem Musikzug Kirch-G\u00f6ns vor J\u00fcngst hat die Jahreshauptversammlung des Musikzugs Kirch-G\u00f6ns und die erste konstituierende Vorstandssitzung stattgefunden. Bei der Hauptversammlung wurde Sabine Lex zur neuen Vorsitzenden und Heidrun Diehl zur Zweiten Vorsitzenden gew\u00e4hlt. Nach neun Jahren h\u00f6rt Thomas Bier als Vorsitzender auf, teilt der Verein mit. Er werde aber &#8230; <a title=\"Neue weibliche Doppelspitze\" class=\"read-more\" href=\"http:\/\/875jahrekirchgoens.de\/?p=15088\" aria-label=\"Mehr Informationen \u00fcber Neue weibliche Doppelspitze\">Weiterlesen<\/a><\/p>\n","protected":false},"author":1,"featured_media":0,"comment_status":"closed","ping_status":"open","sticky":false,"template":"","format":"standard","meta":{"footnotes":""},"categories":[1],"tags":[],"class_list":["post-15088","post","type-post","status-publish","format-standard","hentry","category-infos"],"_links":{"self":[{"href":"http:\/\/875jahrekirchgoens.de\/index.php?rest_route=\/wp\/v2\/posts\/15088","targetHints":{"allow":["GET"]}}],"collection":[{"href":"http:\/\/875jahrekirchgoens.de\/index.php?rest_route=\/wp\/v2\/posts"}],"about":[{"href":"http:\/\/875jahrekirchgoens.de\/index.php?rest_route=\/wp\/v2\/types\/post"}],"author":[{"embeddable":true,"href":"http:\/\/875jahrekirchgoens.de\/index.php?rest_route=\/wp\/v2\/users\/1"}],"replies":[{"embeddable":true,"href":"http:\/\/875jahrekirchgoens.de\/index.php?rest_route=%2Fwp%2Fv2%2Fcomments&post=15088"}],"version-history":[{"count":1,"href":"http:\/\/875jahrekirchgoens.de\/index.php?rest_route=\/wp\/v2\/posts\/15088\/revisions"}],"predecessor-version":[{"id":15090,"href":"http:\/\/875jahrekirchgoens.de\/index.php?rest_route=\/wp\/v2\/posts\/15088\/revisions\/15090"}],"wp:attachment":[{"href":"http:\/\/875jahrekirchgoens.de\/index.php?rest_route=%2Fwp%2Fv2%2Fmedia&parent=15088"}],"wp:term":[{"taxonomy":"category","embeddable":true,"href":"http:\/\/875jahrekirchgoens.de\/index.php?rest_route=%2Fwp%2Fv2%2Fcategories&post=15088"},{"taxonomy":"post_tag","embeddable":true,"href":"http:\/\/875jahrekirchgoens.de\/index.php?rest_route=%2Fwp%2Fv2%2Ftags&post=15088"}],"curies":[{"name":"wp","href":"https:\/\/api.w.org\/{rel}","templated":true}]}}