{"id":15092,"date":"2024-02-28T12:53:00","date_gmt":"2024-02-28T12:53:00","guid":{"rendered":"http:\/\/875jahrekirchgoens.de\/?p=15092"},"modified":"2024-03-01T12:53:52","modified_gmt":"2024-03-01T12:53:52","slug":"schuetzenverein-kirch-goens-tagt","status":"publish","type":"post","link":"http:\/\/875jahrekirchgoens.de\/?p=15092","title":{"rendered":"Sch\u00fctzenverein Kirch-G\u00f6ns tagt"},"content":{"rendered":"\n<p>Der Vorstand des Sch\u00fctzenvereins und des F\u00f6rdervereins des Sch\u00fctzenvereins Kirch-G\u00f6ns laden alle Mitglieder zur Mitgliederversammlung am Freitag, 19. April, um 20 Uhr in die Sch\u00fctzenhalle, Gambacher Stra\u00dfe 1 in Kirch-G\u00f6ns ein.<\/p>\n\n\n\n<p>Auf der Tagesordnung stehen unter anderem Berichte, Wahlen und Ehrungen. Antr\u00e4ge sind schriftlich bis 22. M\u00e4rz an den Vorsitzenden Gunther M\u00fcller, Gambacher Stra\u00dfe 31, 35510 Butzbach einzureichen.<\/p>\n\n\n\n<p>Der Kassenbericht und die Buchf\u00fchrung werden zu den \u00d6ffnungszeiten am 5. April sowie am 12. April in der Sch\u00fctzenhalle Kirch-G\u00f6ns zur Einsicht f\u00fcr Mitglieder des Sch\u00fctzenvereins offengelegt.<\/p>\n\n\n\n<p>Quelle: Butzbacher Zeitung vom 28. Februar 2024<\/p>\n","protected":false},"excerpt":{"rendered":"<p>Der Vorstand des Sch\u00fctzenvereins und des F\u00f6rdervereins des Sch\u00fctzenvereins Kirch-G\u00f6ns laden alle Mitglieder zur Mitgliederversammlung am Freitag, 19. April, um 20 Uhr in die Sch\u00fctzenhalle, Gambacher Stra\u00dfe 1 in Kirch-G\u00f6ns ein. Auf der Tagesordnung stehen unter anderem Berichte, Wahlen und Ehrungen. Antr\u00e4ge sind schriftlich bis 22. M\u00e4rz an den Vorsitzenden Gunther M\u00fcller, Gambacher Stra\u00dfe 31, &#8230; <a title=\"Sch\u00fctzenverein Kirch-G\u00f6ns tagt\" class=\"read-more\" href=\"http:\/\/875jahrekirchgoens.de\/?p=15092\" aria-label=\"Mehr Informationen \u00fcber Sch\u00fctzenverein Kirch-G\u00f6ns tagt\">Weiterlesen<\/a><\/p>\n","protected":false},"author":1,"featured_media":0,"comment_status":"closed","ping_status":"open","sticky":false,"template":"","format":"standard","meta":{"footnotes":""},"categories":[1],"tags":[],"class_list":["post-15092","post","type-post","status-publish","format-standard","hentry","category-infos"],"_links":{"self":[{"href":"http:\/\/875jahrekirchgoens.de\/index.php?rest_route=\/wp\/v2\/posts\/15092","targetHints":{"allow":["GET"]}}],"collection":[{"href":"http:\/\/875jahrekirchgoens.de\/index.php?rest_route=\/wp\/v2\/posts"}],"about":[{"href":"http:\/\/875jahrekirchgoens.de\/index.php?rest_route=\/wp\/v2\/types\/post"}],"author":[{"embeddable":true,"href":"http:\/\/875jahrekirchgoens.de\/index.php?rest_route=\/wp\/v2\/users\/1"}],"replies":[{"embeddable":true,"href":"http:\/\/875jahrekirchgoens.de\/index.php?rest_route=%2Fwp%2Fv2%2Fcomments&post=15092"}],"version-history":[{"count":1,"href":"http:\/\/875jahrekirchgoens.de\/index.php?rest_route=\/wp\/v2\/posts\/15092\/revisions"}],"predecessor-version":[{"id":15093,"href":"http:\/\/875jahrekirchgoens.de\/index.php?rest_route=\/wp\/v2\/posts\/15092\/revisions\/15093"}],"wp:attachment":[{"href":"http:\/\/875jahrekirchgoens.de\/index.php?rest_route=%2Fwp%2Fv2%2Fmedia&parent=15092"}],"wp:term":[{"taxonomy":"category","embeddable":true,"href":"http:\/\/875jahrekirchgoens.de\/index.php?rest_route=%2Fwp%2Fv2%2Fcategories&post=15092"},{"taxonomy":"post_tag","embeddable":true,"href":"http:\/\/875jahrekirchgoens.de\/index.php?rest_route=%2Fwp%2Fv2%2Ftags&post=15092"}],"curies":[{"name":"wp","href":"https:\/\/api.w.org\/{rel}","templated":true}]}}