{"id":15099,"date":"2024-02-27T13:10:00","date_gmt":"2024-02-27T13:10:00","guid":{"rendered":"http:\/\/875jahrekirchgoens.de\/?p=15099"},"modified":"2024-03-01T13:29:22","modified_gmt":"2024-03-01T13:29:22","slug":"festschriften-zum-schmoekern","status":"publish","type":"post","link":"http:\/\/875jahrekirchgoens.de\/?p=15099","title":{"rendered":"Festschriften zum Schm\u00f6kern"},"content":{"rendered":"\n<p><em>Weitere acht Festschriften zu Kirch-G\u00f6nser Jubil\u00e4umstagen jetzt online<\/em><\/p>\n\n\n\n<p>(Mz.) Im Zuge der Chronikarbeit zur 875-Jahrfeier von Kirch-G\u00f6ns im Jahre 2025 konnte sich j\u00fcngst der Chronikausschuss \u00fcber weitere Festschriften von Kirch-G\u00f6nser Vereinen aus den vergangenen Jahren erfreuen. Gunther M\u00fcller aus Kirch-G\u00f6ns stellte die Festschrift zu \u201e25 Jahre Jugendfeuerwehr Kirch-G\u00f6ns vom 3. und 4. Juli 2004\u201c, \u201e100 Jahre Freiwillige Feuerwehr Kirch-G\u00f6ns vom 27. \u2013 29. Mai 2011\u201c, \u201e30 Jahre Radfahrverein Wanderfalke Kirch-G\u00f6ns vom 17. \u2013 19. Juli 1954\u201c, \u201e1. Reit- und Fahrturnier vom 22. und 23. August 1959\u201c des Reit- und Fahrverein Kirch-G\u00f6ns und Pohl-G\u00f6ns, \u201e125 Jahre MGV 1862 Kirch-G\u00f6ns vom 12. bis 15. Juni 1987\u201c und \u201e25 Jahre Sch\u00fctzenverein Kirch-G\u00f6ns vom 7. bis 16. August 1987\u201c zur Verf\u00fcgung.<\/p>\n\n\n\n<p>Von Christian Mack aus Kirch-G\u00f6ns wurde die Festschrift zu \u201e75 Jahre Freiwillige Feuerwehr Kirch-G\u00f6ns vom 5. bis 7. Juli 1986\u201c leihweise \u00fcberlassen und von Erwin Reinhard wurde die Festschrift \u201e10 Jahre Spielmanns- und Fanfarenzug der Freiwilligen Feuerwehr Kirch-G\u00f6ns vom 4. bis 6. Juli 1970\u201c \u00fcbergeben.<\/p>\n\n\n\n<p>Chronik-Ausschussvorsitzender Thorsten Metz freute sich \u00fcber die Bereitstellung der Unterlagen und Aufarbeitung der Kirch-G\u00f6nser Vereinsgeschichte. \u201eEs ist sehr sch\u00f6n, dass uns viele Kirch-G\u00f6nser\/innen bei der Sammlung so unterst\u00fctzen\u201c, teilte Metz gegen\u00fcber der BZ mit.<\/p>\n\n\n\n<p>Alle Festschriften wurden zwischenzeitlich gescannt und k\u00f6nnen unter www.875jahrekirchgoens.de \u2013 Rubrik Festschriften &#8211; eingesehen werden. Der Chronik-Ausschuss w\u00fcnscht viel Spa\u00df beim Schm\u00f6kern. Weiterhin werden Zeitungsberichte zwischen den Jahren 2000 bis 2023 \u201erund um Kirch-G\u00f6ns herum\u201c gesucht, damit die Ausgabe im kommenden Jahr mit Leben gef\u00fcllt wird. Gerne k\u00f6nnen die Unterlagen beim Chronik-Ausschuss abgegeben werden.<\/p>\n\n\n\n<figure class=\"wp-block-image size-full\"><a href=\"http:\/\/875jahrekirchgoens.de\/?page_id=14225\"><img loading=\"lazy\" decoding=\"async\" width=\"1004\" height=\"703\" src=\"http:\/\/875jahrekirchgoens.de\/wp-content\/uploads\/2024\/03\/Festschriften-Kirch-Goens-Teil-2.jpg\" alt=\"\" class=\"wp-image-15100\" srcset=\"http:\/\/875jahrekirchgoens.de\/wp-content\/uploads\/2024\/03\/Festschriften-Kirch-Goens-Teil-2.jpg 1004w, http:\/\/875jahrekirchgoens.de\/wp-content\/uploads\/2024\/03\/Festschriften-Kirch-Goens-Teil-2-300x210.jpg 300w, http:\/\/875jahrekirchgoens.de\/wp-content\/uploads\/2024\/03\/Festschriften-Kirch-Goens-Teil-2-768x538.jpg 768w\" sizes=\"auto, (max-width: 1004px) 100vw, 1004px\" \/><\/a><\/figure>\n","protected":false},"excerpt":{"rendered":"<p>Weitere acht Festschriften zu Kirch-G\u00f6nser Jubil\u00e4umstagen jetzt online (Mz.) Im Zuge der Chronikarbeit zur 875-Jahrfeier von Kirch-G\u00f6ns im Jahre 2025 konnte sich j\u00fcngst der Chronikausschuss \u00fcber weitere Festschriften von Kirch-G\u00f6nser Vereinen aus den vergangenen Jahren erfreuen. Gunther M\u00fcller aus Kirch-G\u00f6ns stellte die Festschrift zu \u201e25 Jahre Jugendfeuerwehr Kirch-G\u00f6ns vom 3. und 4. Juli 2004\u201c, \u201e100 &#8230; <a title=\"Festschriften zum Schm\u00f6kern\" class=\"read-more\" href=\"http:\/\/875jahrekirchgoens.de\/?p=15099\" aria-label=\"Mehr Informationen \u00fcber Festschriften zum Schm\u00f6kern\">Weiterlesen<\/a><\/p>\n","protected":false},"author":1,"featured_media":0,"comment_status":"closed","ping_status":"open","sticky":false,"template":"","format":"standard","meta":{"footnotes":""},"categories":[1],"tags":[],"class_list":["post-15099","post","type-post","status-publish","format-standard","hentry","category-infos"],"_links":{"self":[{"href":"http:\/\/875jahrekirchgoens.de\/index.php?rest_route=\/wp\/v2\/posts\/15099","targetHints":{"allow":["GET"]}}],"collection":[{"href":"http:\/\/875jahrekirchgoens.de\/index.php?rest_route=\/wp\/v2\/posts"}],"about":[{"href":"http:\/\/875jahrekirchgoens.de\/index.php?rest_route=\/wp\/v2\/types\/post"}],"author":[{"embeddable":true,"href":"http:\/\/875jahrekirchgoens.de\/index.php?rest_route=\/wp\/v2\/users\/1"}],"replies":[{"embeddable":true,"href":"http:\/\/875jahrekirchgoens.de\/index.php?rest_route=%2Fwp%2Fv2%2Fcomments&post=15099"}],"version-history":[{"count":2,"href":"http:\/\/875jahrekirchgoens.de\/index.php?rest_route=\/wp\/v2\/posts\/15099\/revisions"}],"predecessor-version":[{"id":15124,"href":"http:\/\/875jahrekirchgoens.de\/index.php?rest_route=\/wp\/v2\/posts\/15099\/revisions\/15124"}],"wp:attachment":[{"href":"http:\/\/875jahrekirchgoens.de\/index.php?rest_route=%2Fwp%2Fv2%2Fmedia&parent=15099"}],"wp:term":[{"taxonomy":"category","embeddable":true,"href":"http:\/\/875jahrekirchgoens.de\/index.php?rest_route=%2Fwp%2Fv2%2Fcategories&post=15099"},{"taxonomy":"post_tag","embeddable":true,"href":"http:\/\/875jahrekirchgoens.de\/index.php?rest_route=%2Fwp%2Fv2%2Ftags&post=15099"}],"curies":[{"name":"wp","href":"https:\/\/api.w.org\/{rel}","templated":true}]}}