{"id":15132,"date":"2024-03-03T17:03:01","date_gmt":"2024-03-03T17:03:01","guid":{"rendered":"http:\/\/875jahrekirchgoens.de\/?p=15132"},"modified":"2024-03-17T17:06:02","modified_gmt":"2024-03-17T17:06:02","slug":"william-thum-schirmherr-bei-875-jahrfeier-kirch-goens","status":"publish","type":"post","link":"http:\/\/875jahrekirchgoens.de\/?p=15132","title":{"rendered":"William Thum Schirmherr bei 875-Jahrfeier Kirch-G\u00f6ns"},"content":{"rendered":"\n<p>(Mz.) K\u00fcrzlich f\u00fchrten der IG-Vorsitzende Michael Tiedemann und Thorsten Metz (IG-Werbeausschuss) ein Interview mit dem Schirmherrn, William Thum (Pfarrer i. R.), zur 875-Jahr-Feier von Kirch-G\u00f6ns im Jahre 2025.<\/p>\n\n\n\n<p>Bereits im August 2024 und im Jahre 2025 finden mehrere Veranstaltungen zum Jubil\u00e4um statt. Wichtig war dem Vorstand der Interessengemeinschaft der Kirch-G\u00f6nser Vereine, dass die Position des Schirmherrn mit einer Person aus dem n\u00f6rdlichsten Stadtteil von Butzbach besetzt wird. Mit dem Kirch-G\u00f6nser William Thum hat man hier das Amt erfreulicherweise besetzen k\u00f6nnen.<\/p>\n\n\n\n<p><strong>Thorsten Metz:<\/strong> Hallo William, vielen Dank f\u00fcr Deine Zeit zu diesem Interview. Du hast eine beeindruckende berufliche Laufbahn mit vielen spannenden Aufgaben vorzuweisen.<\/p>\n\n\n\n<p>Laut Duden ist ein Schirmherr ein \u201coffizieller F\u00f6rderer, Betreuer einer seinem Schutz unterstehenden Institution\u201d.<\/p>\n\n\n\n<p>Was hat Dich dazu bewogen, die Veranstaltungen f\u00fcr die 875-Jahr-Feier von Kirch-G\u00f6ns als Schirmherr f\u00fcr die Kirch-G\u00f6nser Interessengemeinschaft zu unterst\u00fctzen, bzw. musstest Du lange \u00fcberlegen, unserer Bitte nachzukommen?<\/p>\n\n\n\n<p><strong>William Thum<\/strong>: Nein, musste ich nicht. Ich habe eine angemessene Zeit genutzt, um mir Gedanken dar\u00fcber zu machen. Und dann war es mir eine ganz besondere Ehre, dieses Amt anzunehmen. Ich war niemals l\u00e4nger wohnhaft an einem Ort, als in Kirch-G\u00f6ns und ich muss sagen, dass ich mich hier sehr wohl f\u00fchle. Zwei Jahrzehnte war ich sehr gerne als evangelischer Pfarrer in Kirch-G\u00f6ns t\u00e4tig. Au\u00dferdem bin ich in vielen Ortsvereinen Mitglied und engagiere mich f\u00fcr die Vereine..<\/p>\n\n\n\n<p><strong>Thorsten Metz<\/strong>: Wie bewertest Du die Vorbereitungen und Ideen zur Gestaltung der 875-Jahr-Feier?<\/p>\n\n\n\n<p><strong>William Thum<\/strong>: Aktuell bin ich sehr beeindruckt, wie aktiv, l\u00f6sungsorientiert und zielgerichtet die Aussch\u00fcsse schon gearbeitet haben und weiterhin aktiv sind.<\/p>\n\n\n\n<p><strong>Thorsten Metz<\/strong>: Wie unterst\u00fctzt Du die Veranstaltungen?<\/p>\n\n\n\n<p><strong>William Thum<\/strong>: Indem ich an allen Veranstaltungen pr\u00e4sent sein werde und Ansprechpartner bin f\u00fcr alle Mitwirkenden. Ich m\u00f6chte mein M\u00f6glichstes beitragen, dass es ein erfolgreiches Jubil\u00e4um wird.<\/p>\n\n\n\n<p><strong>Thorsten Metz<\/strong>: Was erhoffst Du Dir f\u00fcr Kirch-G\u00f6ns durch die Veranstaltungen zum Jubil\u00e4um?<\/p>\n\n\n\n<p><strong>William Thum<\/strong>: Dass die Gemeinschaft aller Kirchg\u00f6nserinnen und Kirchg\u00f6nser weiter w\u00e4chst, das diese Gemeinschaft von jungen und alten Menschen neue und starke Impulse bekommt. Besonders wichtig finde ich, dass auch Zugezogene aktiv eingebunden werden.<\/p>\n\n\n\n<p><strong>Thorsten Metz<\/strong>: Wie sch\u00e4tzt Du die Zukunft von Kirch-G\u00f6ns ein?<\/p>\n\n\n\n<p><strong>William Thum<\/strong>: Na ja, es ist zwar bedauerlich, dass es keine Lebensmittelgesch\u00e4fte (B\u00e4cker und Metzger) mehr gibt, aber wir geh\u00f6ren zum Speckg\u00fcrtel von Frankfurt und viele ziehen in unser Dorf, weil hier die Infrastruktur in unserer lieblichen Landschaft gegeben ist. Gerne sehe ich, dass sich auf den Kirch-G\u00f6nser Spielpl\u00e4tzen und dem Sportplatz viele Menschen begegnen und freue mich, wenn sich noch mehr Menschen in diesem sch\u00f6nen Ort wohlf\u00fchlen.<\/p>\n\n\n\n<p><strong>Thorsten Metz<\/strong>: Was m\u00fcssen Vereine und Politik vor allem jungen Menschen konkret offerieren, um sie zu gewinnen und auch langfristig zu unterst\u00fctzen?<\/p>\n\n\n\n<p><strong>William Thum<\/strong>: Eine deutliche Wertsch\u00e4tzung der Vertreter\/innen von Politik und Vereinen sollte erfolgen. Auch Vertrauen auf andere Sichtweisen ist w\u00fcnschenswert. Damit auch j\u00fcngere Verantwortung \u00fcbernehmen k\u00f6nnen, sollten verdiente Kirch-G\u00f6nser bereit sein, ihre \u00c4mter zu \u00fcbergeben. Dabei k\u00f6nnen sie beratend immer noch weiter zur Seite stehen. Die F\u00f6rderung und Betreuung junger Menschen sollte aktiv und permanent erfolgen. Ich hoffe sehr, dass Politik und Vereine Wege und Orte f\u00fcr die Jugend finden. Dann werden zur 900-Jahr-Feier in 25 Jahren genug junge Menschen in Kirch-G\u00f6ns da sein, die dann wieder ein so tolles Fest organisieren wie ihr es vorbereitet und durchf\u00fchrt.<\/p>\n\n\n\n<p><strong>Thorsten Metz<\/strong>: Vielen Dank f\u00fcr Deine Zeit. Wir freuen uns auf die Jubil\u00e4umstage.<\/p>\n\n\n\n<figure class=\"wp-block-image size-large\"><img loading=\"lazy\" decoding=\"async\" width=\"1024\" height=\"936\" src=\"http:\/\/875jahrekirchgoens.de\/wp-content\/uploads\/2024\/03\/2024-03-03.03.2024-William-Thum-ist-Schirmherr-zur-875-Jahrfeier-1024x936.jpeg\" alt=\"\" class=\"wp-image-15131\" srcset=\"http:\/\/875jahrekirchgoens.de\/wp-content\/uploads\/2024\/03\/2024-03-03.03.2024-William-Thum-ist-Schirmherr-zur-875-Jahrfeier-1024x936.jpeg 1024w, http:\/\/875jahrekirchgoens.de\/wp-content\/uploads\/2024\/03\/2024-03-03.03.2024-William-Thum-ist-Schirmherr-zur-875-Jahrfeier-300x274.jpeg 300w, http:\/\/875jahrekirchgoens.de\/wp-content\/uploads\/2024\/03\/2024-03-03.03.2024-William-Thum-ist-Schirmherr-zur-875-Jahrfeier-768x702.jpeg 768w, http:\/\/875jahrekirchgoens.de\/wp-content\/uploads\/2024\/03\/2024-03-03.03.2024-William-Thum-ist-Schirmherr-zur-875-Jahrfeier-1536x1405.jpeg 1536w, http:\/\/875jahrekirchgoens.de\/wp-content\/uploads\/2024\/03\/2024-03-03.03.2024-William-Thum-ist-Schirmherr-zur-875-Jahrfeier-2048x1873.jpeg 2048w\" sizes=\"auto, (max-width: 1024px) 100vw, 1024px\" \/><\/figure>\n\n\n\n<p><strong>Thorsten Metz<\/strong>: Vielen Dank f\u00fcr Deine Zeit. Wir freuen uns auf die Jubil\u00e4umstage.<\/p>\n","protected":false},"excerpt":{"rendered":"<p>(Mz.) K\u00fcrzlich f\u00fchrten der IG-Vorsitzende Michael Tiedemann und Thorsten Metz (IG-Werbeausschuss) ein Interview mit dem Schirmherrn, William Thum (Pfarrer i. R.), zur 875-Jahr-Feier von Kirch-G\u00f6ns im Jahre 2025. Bereits im August 2024 und im Jahre 2025 finden mehrere Veranstaltungen zum Jubil\u00e4um statt. Wichtig war dem Vorstand der Interessengemeinschaft der Kirch-G\u00f6nser Vereine, dass die Position des &#8230; <a title=\"William Thum Schirmherr bei 875-Jahrfeier Kirch-G\u00f6ns\" class=\"read-more\" href=\"http:\/\/875jahrekirchgoens.de\/?p=15132\" aria-label=\"Mehr Informationen \u00fcber William Thum Schirmherr bei 875-Jahrfeier Kirch-G\u00f6ns\">Weiterlesen<\/a><\/p>\n","protected":false},"author":1,"featured_media":0,"comment_status":"closed","ping_status":"open","sticky":false,"template":"","format":"standard","meta":{"footnotes":""},"categories":[1],"tags":[],"class_list":["post-15132","post","type-post","status-publish","format-standard","hentry","category-infos"],"_links":{"self":[{"href":"http:\/\/875jahrekirchgoens.de\/index.php?rest_route=\/wp\/v2\/posts\/15132","targetHints":{"allow":["GET"]}}],"collection":[{"href":"http:\/\/875jahrekirchgoens.de\/index.php?rest_route=\/wp\/v2\/posts"}],"about":[{"href":"http:\/\/875jahrekirchgoens.de\/index.php?rest_route=\/wp\/v2\/types\/post"}],"author":[{"embeddable":true,"href":"http:\/\/875jahrekirchgoens.de\/index.php?rest_route=\/wp\/v2\/users\/1"}],"replies":[{"embeddable":true,"href":"http:\/\/875jahrekirchgoens.de\/index.php?rest_route=%2Fwp%2Fv2%2Fcomments&post=15132"}],"version-history":[{"count":1,"href":"http:\/\/875jahrekirchgoens.de\/index.php?rest_route=\/wp\/v2\/posts\/15132\/revisions"}],"predecessor-version":[{"id":15133,"href":"http:\/\/875jahrekirchgoens.de\/index.php?rest_route=\/wp\/v2\/posts\/15132\/revisions\/15133"}],"wp:attachment":[{"href":"http:\/\/875jahrekirchgoens.de\/index.php?rest_route=%2Fwp%2Fv2%2Fmedia&parent=15132"}],"wp:term":[{"taxonomy":"category","embeddable":true,"href":"http:\/\/875jahrekirchgoens.de\/index.php?rest_route=%2Fwp%2Fv2%2Fcategories&post=15132"},{"taxonomy":"post_tag","embeddable":true,"href":"http:\/\/875jahrekirchgoens.de\/index.php?rest_route=%2Fwp%2Fv2%2Ftags&post=15132"}],"curies":[{"name":"wp","href":"https:\/\/api.w.org\/{rel}","templated":true}]}}