{"id":15139,"date":"2024-03-17T17:18:39","date_gmt":"2024-03-17T17:18:39","guid":{"rendered":"http:\/\/875jahrekirchgoens.de\/?p=15139"},"modified":"2024-03-17T17:18:40","modified_gmt":"2024-03-17T17:18:40","slug":"aelteste-festschrift-aus-kirch-goens","status":"publish","type":"post","link":"http:\/\/875jahrekirchgoens.de\/?p=15139","title":{"rendered":"\u00c4lteste Festschrift aus Kirch-G\u00f6ns"},"content":{"rendered":"\n<p><em>Gut erhaltenes Dokument wurde an IG-Chronik-Aussschuss \u00fcbergeben<\/em><\/p>\n\n\n\n<p>(Mz.) J\u00fcngst wurde von Christian Mack aus Kirch-G\u00f6ns eine Festschrift vom Gesang-Verein \u201eGermania\u201c aus dem Jahre 1912 an den Chronik-Ausschuss der Interessengemeinschaft Kirch-G\u00f6ns \u00fcbergeben.<\/p>\n\n\n\n<p>Das noch recht gut erhaltene Dokument aus dem vergangenen Jahrhundert stammte aus dem Nachlass seiner Oma (Irmgard Beppler, geb. Ruth \u2013 Dorfname: \u201eLiwwes-Gu\u00e9te\u201c). Bei der Festschrift, anl\u00e4sslich der 50j\u00e4hrigen Jubel-Feier, zum Gesangs-Wettstreit am 8., 9. und 10. Juni 1912 handelt es sich wohl um das \u00e4lteste Dokument einer Kirch-G\u00f6nser Festschrift und umfasst zweiundachtzig Seiten. Gedruckt wurde das Werk von der Buchdruckerei Nitschkowski aus Gie\u00dfen.<\/p>\n\n\n\n<p>Aus der Publikation ist die geschichtliche Entwicklung von Kirch-G\u00f6ns und des Werdeganges des Gesangverein Germania \u2013 geschrieben von Wilhelm Beppler, die Bedingungen f\u00fcr den Gesangswettstreit (Klasseneinteilung und Preise), das Klassen-Singen, ein Mitgliederverzeichnis, das Festpr\u00e4sidium mit Wilhelm M\u00fcller I (Festpr\u00e4sident), Ludwig Becker (Festdirigent) und Anton Hanack III (1. Vorsitzender), die verschiedenen Aussch\u00fcsse (zw\u00f6lf St\u00fcck an der Zahl), dem Festprogramm (mit musikalischer Unterst\u00fctzung der Kapellen R\u00f6hrig aus Kirch-G\u00f6ns und Sames aus Holzheim), der Festzugs-Ordnung, den Preisgeldern (Klasse I, II, III, IV und den Hauptehrenpreisen), das Preisrichter-Kollegium, dem Schiedsgericht und ein Fahrplan der Bahnstation Kirch-G\u00f6ns mit den Zeiten der abgehenden Z\u00fcge in Richtung Frankfurt und Kassel zu entnehmen.<\/p>\n\n\n\n<p>Des Weiteren ist die beachtliche Anzahl von sechsundvierzig Anzeigen diverser Werbepartnern (Kolonialwaren, Metzgereien, M\u00f6belhaus, Tapetenhaus, Bekleidungsgesch\u00e4fte, etc.) in der Festschrift enthalten. Wettstreitende Vereine waren in der Klasse I. S\u00e4ngerlust Niederrodenbach, Frohsinn Lang-G\u00f6ns und Frohsinn Steinfurt. In der Klasse II. Teutonia D\u00f6rnigheim, Liederkranz Niederkleen, Sonntagsquartett M\u00fchlheim, Germania Griesheim und Germania Langg\u00f6ns. In der Klasse III. Liederkranz Eberstadt, Frohsinn Dornheim, Eintracht Butzbach, Club Harmonie R\u00fcsselsheim, Koncordia Kahl a. M. und Harmonie Espa. In der Klasse IV. Immergr\u00fcn Rockenberg, Liederkranz Pohl-G\u00f6ns und Eintracht Sossenheim.<\/p>\n\n\n\n<p>Die Festschrift wurde zwischenzeitlich vom Chronikausschu\u00df der Kirch-G\u00f6nser Interessengemeinschaft gescannt und kann unter www.875jahrekirchgoens.de eingesehen werden.<\/p>\n\n\n\n<figure class=\"wp-block-gallery has-nested-images columns-default is-cropped wp-block-gallery-1 is-layout-flex wp-block-gallery-is-layout-flex\">\n<figure class=\"wp-block-image size-large\"><img loading=\"lazy\" decoding=\"async\" width=\"517\" height=\"557\" data-id=\"15141\" src=\"http:\/\/875jahrekirchgoens.de\/wp-content\/uploads\/2024\/03\/Chronik-Bild1.jpg\" alt=\"\" class=\"wp-image-15141\" srcset=\"http:\/\/875jahrekirchgoens.de\/wp-content\/uploads\/2024\/03\/Chronik-Bild1.jpg 517w, http:\/\/875jahrekirchgoens.de\/wp-content\/uploads\/2024\/03\/Chronik-Bild1-278x300.jpg 278w\" sizes=\"auto, (max-width: 517px) 100vw, 517px\" \/><figcaption class=\"wp-element-caption\">Thorsten Metz (l.) vom IG-Chronikausschuss bedankte sich bei Christian Mack (r.) f\u00fcr die Festschrift. <\/figcaption><\/figure>\n\n\n\n<figure class=\"wp-block-image size-large\"><img loading=\"lazy\" decoding=\"async\" width=\"163\" height=\"261\" data-id=\"15140\" src=\"http:\/\/875jahrekirchgoens.de\/wp-content\/uploads\/2024\/03\/Chronik-Bild2.png\" alt=\"\" class=\"wp-image-15140\"\/><figcaption class=\"wp-element-caption\"> \n\nDeckseite der Festschrift zum Gesangs-Wettstreit am 8., 9. und 10. Juni 1912 des Gesang-Verein Germania Kirch-G\u00f6ns.\nBilder: Thorsten Metz \/ Kirch-G\u00f6ns\n<\/figcaption><\/figure>\n<\/figure>\n","protected":false},"excerpt":{"rendered":"<p>Gut erhaltenes Dokument wurde an IG-Chronik-Aussschuss \u00fcbergeben (Mz.) J\u00fcngst wurde von Christian Mack aus Kirch-G\u00f6ns eine Festschrift vom Gesang-Verein \u201eGermania\u201c aus dem Jahre 1912 an den Chronik-Ausschuss der Interessengemeinschaft Kirch-G\u00f6ns \u00fcbergeben. Das noch recht gut erhaltene Dokument aus dem vergangenen Jahrhundert stammte aus dem Nachlass seiner Oma (Irmgard Beppler, geb. Ruth \u2013 Dorfname: \u201eLiwwes-Gu\u00e9te\u201c). Bei &#8230; <a title=\"\u00c4lteste Festschrift aus Kirch-G\u00f6ns\" class=\"read-more\" href=\"http:\/\/875jahrekirchgoens.de\/?p=15139\" aria-label=\"Mehr Informationen \u00fcber \u00c4lteste Festschrift aus Kirch-G\u00f6ns\">Weiterlesen<\/a><\/p>\n","protected":false},"author":1,"featured_media":0,"comment_status":"closed","ping_status":"open","sticky":false,"template":"","format":"standard","meta":{"footnotes":""},"categories":[1],"tags":[],"class_list":["post-15139","post","type-post","status-publish","format-standard","hentry","category-infos"],"_links":{"self":[{"href":"http:\/\/875jahrekirchgoens.de\/index.php?rest_route=\/wp\/v2\/posts\/15139","targetHints":{"allow":["GET"]}}],"collection":[{"href":"http:\/\/875jahrekirchgoens.de\/index.php?rest_route=\/wp\/v2\/posts"}],"about":[{"href":"http:\/\/875jahrekirchgoens.de\/index.php?rest_route=\/wp\/v2\/types\/post"}],"author":[{"embeddable":true,"href":"http:\/\/875jahrekirchgoens.de\/index.php?rest_route=\/wp\/v2\/users\/1"}],"replies":[{"embeddable":true,"href":"http:\/\/875jahrekirchgoens.de\/index.php?rest_route=%2Fwp%2Fv2%2Fcomments&post=15139"}],"version-history":[{"count":1,"href":"http:\/\/875jahrekirchgoens.de\/index.php?rest_route=\/wp\/v2\/posts\/15139\/revisions"}],"predecessor-version":[{"id":15142,"href":"http:\/\/875jahrekirchgoens.de\/index.php?rest_route=\/wp\/v2\/posts\/15139\/revisions\/15142"}],"wp:attachment":[{"href":"http:\/\/875jahrekirchgoens.de\/index.php?rest_route=%2Fwp%2Fv2%2Fmedia&parent=15139"}],"wp:term":[{"taxonomy":"category","embeddable":true,"href":"http:\/\/875jahrekirchgoens.de\/index.php?rest_route=%2Fwp%2Fv2%2Fcategories&post=15139"},{"taxonomy":"post_tag","embeddable":true,"href":"http:\/\/875jahrekirchgoens.de\/index.php?rest_route=%2Fwp%2Fv2%2Ftags&post=15139"}],"curies":[{"name":"wp","href":"https:\/\/api.w.org\/{rel}","templated":true}]}}