{"id":15159,"date":"1989-04-21T17:52:00","date_gmt":"1989-04-21T17:52:00","guid":{"rendered":"http:\/\/875jahrekirchgoens.de\/?p=15159"},"modified":"2024-03-17T17:52:41","modified_gmt":"2024-03-17T17:52:41","slug":"oberpfaelzer-gaudi","status":"publish","type":"post","link":"http:\/\/875jahrekirchgoens.de\/?p=15159","title":{"rendered":"Oberpf\u00e4lzer Gaudi"},"content":{"rendered":"\n<p><em>Es gibt nur noch wenige Karten<\/em><\/p>\n\n\n\n<p>Gro\u00dfes Interesse findet in der Bev\u00f6lkerung das gemeinsame Fr\u00fchlingsfest von Sch\u00fctzenverein sowie Spielmanns- und Fanfarenzug am morgigen 22. April, 20.00 Uhr, in der Sch\u00fctzenhalle. Die Karten f\u00fcr den \u201eOberpf\u00e4lzer Abend\u201c aus dem Vorverkauf sind jedenfalls alle vergriffen. Ein kleines Kartenkontingent, das eigentlich f\u00fcr die Abendkasse reserviert war, wird nun morgen Nachmittag ab 14 Uhr in der Sch\u00fctzenhalle angeboten. An der Abendkasse sind dann keine Karten mehr erh\u00e4ltlich. Einlass f\u00fcr den \u201eOberpf\u00e4lzer Abend\u201c ist ab 18.30 Uhr. Auf die Besucher des Fr\u00fchlingsfestes von Sch\u00fctzen und Spielleuten warten etliche Attraktionen. Nicht nur die Musik stammt original aus der Oberpfalz, auch kulinarisch ist der Abend ganz auf die Region zwischen Regensburg im S\u00fcden und Hof im Norden abgestimmt: Es spielen die \u201eMusik-Boys\u201c aus Georgenberg und gereicht wird eine echte Oberpf\u00e4lzer Brotzeit. Die Theatergruppe der Spielleute will mit dem turbulenten Einakter \u201eDie Pferdekur\u201c zur guten Laune beitragen, und au\u00dferdem winkt wieder eine Tombola mit etlichen Preisen. Anschlie\u00dfend darf auch das Tanzbein geschwungen werden.<\/p>\n\n\n\n<p>Quelle: Butzbacher Zeitung vom 21. April 1989<\/p>\n","protected":false},"excerpt":{"rendered":"<p>Es gibt nur noch wenige Karten Gro\u00dfes Interesse findet in der Bev\u00f6lkerung das gemeinsame Fr\u00fchlingsfest von Sch\u00fctzenverein sowie Spielmanns- und Fanfarenzug am morgigen 22. April, 20.00 Uhr, in der Sch\u00fctzenhalle. Die Karten f\u00fcr den \u201eOberpf\u00e4lzer Abend\u201c aus dem Vorverkauf sind jedenfalls alle vergriffen. Ein kleines Kartenkontingent, das eigentlich f\u00fcr die Abendkasse reserviert war, wird nun &#8230; <a title=\"Oberpf\u00e4lzer Gaudi\" class=\"read-more\" href=\"http:\/\/875jahrekirchgoens.de\/?p=15159\" aria-label=\"Mehr Informationen \u00fcber Oberpf\u00e4lzer Gaudi\">Weiterlesen<\/a><\/p>\n","protected":false},"author":1,"featured_media":0,"comment_status":"closed","ping_status":"open","sticky":false,"template":"","format":"standard","meta":{"footnotes":""},"categories":[1],"tags":[],"class_list":["post-15159","post","type-post","status-publish","format-standard","hentry","category-infos"],"_links":{"self":[{"href":"http:\/\/875jahrekirchgoens.de\/index.php?rest_route=\/wp\/v2\/posts\/15159","targetHints":{"allow":["GET"]}}],"collection":[{"href":"http:\/\/875jahrekirchgoens.de\/index.php?rest_route=\/wp\/v2\/posts"}],"about":[{"href":"http:\/\/875jahrekirchgoens.de\/index.php?rest_route=\/wp\/v2\/types\/post"}],"author":[{"embeddable":true,"href":"http:\/\/875jahrekirchgoens.de\/index.php?rest_route=\/wp\/v2\/users\/1"}],"replies":[{"embeddable":true,"href":"http:\/\/875jahrekirchgoens.de\/index.php?rest_route=%2Fwp%2Fv2%2Fcomments&post=15159"}],"version-history":[{"count":1,"href":"http:\/\/875jahrekirchgoens.de\/index.php?rest_route=\/wp\/v2\/posts\/15159\/revisions"}],"predecessor-version":[{"id":15160,"href":"http:\/\/875jahrekirchgoens.de\/index.php?rest_route=\/wp\/v2\/posts\/15159\/revisions\/15160"}],"wp:attachment":[{"href":"http:\/\/875jahrekirchgoens.de\/index.php?rest_route=%2Fwp%2Fv2%2Fmedia&parent=15159"}],"wp:term":[{"taxonomy":"category","embeddable":true,"href":"http:\/\/875jahrekirchgoens.de\/index.php?rest_route=%2Fwp%2Fv2%2Fcategories&post=15159"},{"taxonomy":"post_tag","embeddable":true,"href":"http:\/\/875jahrekirchgoens.de\/index.php?rest_route=%2Fwp%2Fv2%2Ftags&post=15159"}],"curies":[{"name":"wp","href":"https:\/\/api.w.org\/{rel}","templated":true}]}}