{"id":15161,"date":"1989-04-13T17:53:00","date_gmt":"1989-04-13T17:53:00","guid":{"rendered":"http:\/\/875jahrekirchgoens.de\/?p=15161"},"modified":"2024-03-17T17:55:13","modified_gmt":"2024-03-17T17:55:13","slug":"theatergruppe-probt-die-pferdekur","status":"publish","type":"post","link":"http:\/\/875jahrekirchgoens.de\/?p=15161","title":{"rendered":"Theatergruppe probt \u201eDie Pferdekur\u201c"},"content":{"rendered":"\n<p>Im Mittelpunkt der \u201eOperf\u00e4lzer Gaudi\u201c am Samstag, 22. April, 20 Uhr, von Sch\u00fctzenverein und Spielmanns- und Fanfarenzug Kirch-G\u00f6ns in der Sch\u00fctzenhalle wird sicherlich der Auftritt der SFZ-Theatergruppe mit dem St\u00fcck \u201eDie Pferdekur\u201c stehen. In einer Probephase nahm sich das \u201eKom\u00f6dien-Ensemble\u201c mit (v. l.) Helmut R\u00fchl, Christine Will, Jens-Peter Braasch, Traudel Heiden, Heidrun Daniel und Klaus-Dieter Herbel zu einem Fototermin Platz.<\/p>\n\n\n\n<p>Quelle und Bild: Butzbacher Zeitung vom 13. April 1989<\/p>\n\n\n\n<figure class=\"wp-block-image size-full\"><img loading=\"lazy\" decoding=\"async\" width=\"718\" height=\"521\" src=\"http:\/\/875jahrekirchgoens.de\/wp-content\/uploads\/2024\/03\/1989-Pferdekur-Bild1.jpg\" alt=\"\" class=\"wp-image-15162\" srcset=\"http:\/\/875jahrekirchgoens.de\/wp-content\/uploads\/2024\/03\/1989-Pferdekur-Bild1.jpg 718w, http:\/\/875jahrekirchgoens.de\/wp-content\/uploads\/2024\/03\/1989-Pferdekur-Bild1-300x218.jpg 300w\" sizes=\"auto, (max-width: 718px) 100vw, 718px\" \/><\/figure>\n","protected":false},"excerpt":{"rendered":"<p>Im Mittelpunkt der \u201eOperf\u00e4lzer Gaudi\u201c am Samstag, 22. April, 20 Uhr, von Sch\u00fctzenverein und Spielmanns- und Fanfarenzug Kirch-G\u00f6ns in der Sch\u00fctzenhalle wird sicherlich der Auftritt der SFZ-Theatergruppe mit dem St\u00fcck \u201eDie Pferdekur\u201c stehen. In einer Probephase nahm sich das \u201eKom\u00f6dien-Ensemble\u201c mit (v. l.) Helmut R\u00fchl, Christine Will, Jens-Peter Braasch, Traudel Heiden, Heidrun Daniel und Klaus-Dieter &#8230; <a title=\"Theatergruppe probt \u201eDie Pferdekur\u201c\" class=\"read-more\" href=\"http:\/\/875jahrekirchgoens.de\/?p=15161\" aria-label=\"Mehr Informationen \u00fcber Theatergruppe probt \u201eDie Pferdekur\u201c\">Weiterlesen<\/a><\/p>\n","protected":false},"author":1,"featured_media":0,"comment_status":"closed","ping_status":"open","sticky":false,"template":"","format":"standard","meta":{"footnotes":""},"categories":[1],"tags":[],"class_list":["post-15161","post","type-post","status-publish","format-standard","hentry","category-infos"],"_links":{"self":[{"href":"http:\/\/875jahrekirchgoens.de\/index.php?rest_route=\/wp\/v2\/posts\/15161","targetHints":{"allow":["GET"]}}],"collection":[{"href":"http:\/\/875jahrekirchgoens.de\/index.php?rest_route=\/wp\/v2\/posts"}],"about":[{"href":"http:\/\/875jahrekirchgoens.de\/index.php?rest_route=\/wp\/v2\/types\/post"}],"author":[{"embeddable":true,"href":"http:\/\/875jahrekirchgoens.de\/index.php?rest_route=\/wp\/v2\/users\/1"}],"replies":[{"embeddable":true,"href":"http:\/\/875jahrekirchgoens.de\/index.php?rest_route=%2Fwp%2Fv2%2Fcomments&post=15161"}],"version-history":[{"count":1,"href":"http:\/\/875jahrekirchgoens.de\/index.php?rest_route=\/wp\/v2\/posts\/15161\/revisions"}],"predecessor-version":[{"id":15163,"href":"http:\/\/875jahrekirchgoens.de\/index.php?rest_route=\/wp\/v2\/posts\/15161\/revisions\/15163"}],"wp:attachment":[{"href":"http:\/\/875jahrekirchgoens.de\/index.php?rest_route=%2Fwp%2Fv2%2Fmedia&parent=15161"}],"wp:term":[{"taxonomy":"category","embeddable":true,"href":"http:\/\/875jahrekirchgoens.de\/index.php?rest_route=%2Fwp%2Fv2%2Fcategories&post=15161"},{"taxonomy":"post_tag","embeddable":true,"href":"http:\/\/875jahrekirchgoens.de\/index.php?rest_route=%2Fwp%2Fv2%2Ftags&post=15161"}],"curies":[{"name":"wp","href":"https:\/\/api.w.org\/{rel}","templated":true}]}}