{"id":15164,"date":"1989-04-08T17:55:00","date_gmt":"1989-04-08T17:55:00","guid":{"rendered":"http:\/\/875jahrekirchgoens.de\/?p=15164"},"modified":"2024-03-17T17:56:30","modified_gmt":"2024-03-17T17:56:30","slug":"oberpfaelzer-abend","status":"publish","type":"post","link":"http:\/\/875jahrekirchgoens.de\/?p=15164","title":{"rendered":"Oberpf\u00e4lzer Abend"},"content":{"rendered":"\n<p>Der Sch\u00fctzenverein und der Spielmanns- und Fanfarenzug Kirch-G\u00f6ns laden auch dieses Jahr wieder zu einem gemeinsamen Fr\u00fchlingsfest ein. Mit Einem \u201cOberpf\u00e4lzer-Abend\u201d will man am Samstag, 21. April ab 20 Uhr, die vergn\u00fcgliche Rundreise durch die deutschen Lande fortsetzen. In der Kirch-G\u00f6nser Sch\u00fctzenhalle wartet auf die Besucher ein umfangreiches Programm. Die Theatergruppe der Spielleute hat den humoristischen Einakter \u201eDie Pferdekur&#8220; einstudiert, die Musik\u00adBoys&#8220; aus Georgenberg in der Oberpfalz wollen zu Gaudi und Tanz aufspielen, bei einer Tombola gibt es wieder Reisen und Sachpreise zu gewinnen. Der Vorverkauf f\u00fcr die Veranstaltung hat in der B\u00e4ckereifiliale Steinm\u00fcller begonnen.<\/p>\n\n\n\n<p>Quelle: Butzbacher Zeitung vom 8. April 1989<\/p>\n","protected":false},"excerpt":{"rendered":"<p>Der Sch\u00fctzenverein und der Spielmanns- und Fanfarenzug Kirch-G\u00f6ns laden auch dieses Jahr wieder zu einem gemeinsamen Fr\u00fchlingsfest ein. Mit Einem \u201cOberpf\u00e4lzer-Abend\u201d will man am Samstag, 21. April ab 20 Uhr, die vergn\u00fcgliche Rundreise durch die deutschen Lande fortsetzen. In der Kirch-G\u00f6nser Sch\u00fctzenhalle wartet auf die Besucher ein umfangreiches Programm. Die Theatergruppe der Spielleute hat den &#8230; <a title=\"Oberpf\u00e4lzer Abend\" class=\"read-more\" href=\"http:\/\/875jahrekirchgoens.de\/?p=15164\" aria-label=\"Mehr Informationen \u00fcber Oberpf\u00e4lzer Abend\">Weiterlesen<\/a><\/p>\n","protected":false},"author":1,"featured_media":0,"comment_status":"closed","ping_status":"open","sticky":false,"template":"","format":"standard","meta":{"footnotes":""},"categories":[1],"tags":[],"class_list":["post-15164","post","type-post","status-publish","format-standard","hentry","category-infos"],"_links":{"self":[{"href":"http:\/\/875jahrekirchgoens.de\/index.php?rest_route=\/wp\/v2\/posts\/15164","targetHints":{"allow":["GET"]}}],"collection":[{"href":"http:\/\/875jahrekirchgoens.de\/index.php?rest_route=\/wp\/v2\/posts"}],"about":[{"href":"http:\/\/875jahrekirchgoens.de\/index.php?rest_route=\/wp\/v2\/types\/post"}],"author":[{"embeddable":true,"href":"http:\/\/875jahrekirchgoens.de\/index.php?rest_route=\/wp\/v2\/users\/1"}],"replies":[{"embeddable":true,"href":"http:\/\/875jahrekirchgoens.de\/index.php?rest_route=%2Fwp%2Fv2%2Fcomments&post=15164"}],"version-history":[{"count":1,"href":"http:\/\/875jahrekirchgoens.de\/index.php?rest_route=\/wp\/v2\/posts\/15164\/revisions"}],"predecessor-version":[{"id":15165,"href":"http:\/\/875jahrekirchgoens.de\/index.php?rest_route=\/wp\/v2\/posts\/15164\/revisions\/15165"}],"wp:attachment":[{"href":"http:\/\/875jahrekirchgoens.de\/index.php?rest_route=%2Fwp%2Fv2%2Fmedia&parent=15164"}],"wp:term":[{"taxonomy":"category","embeddable":true,"href":"http:\/\/875jahrekirchgoens.de\/index.php?rest_route=%2Fwp%2Fv2%2Fcategories&post=15164"},{"taxonomy":"post_tag","embeddable":true,"href":"http:\/\/875jahrekirchgoens.de\/index.php?rest_route=%2Fwp%2Fv2%2Ftags&post=15164"}],"curies":[{"name":"wp","href":"https:\/\/api.w.org\/{rel}","templated":true}]}}