{"id":15168,"date":"1989-03-10T18:16:00","date_gmt":"1989-03-10T18:16:00","guid":{"rendered":"http:\/\/875jahrekirchgoens.de\/?p=15168"},"modified":"2024-03-17T18:17:54","modified_gmt":"2024-03-17T18:17:54","slug":"klagen-und-humor","status":"publish","type":"post","link":"http:\/\/875jahrekirchgoens.de\/?p=15168","title":{"rendered":"Klagen und Humor"},"content":{"rendered":"\n<p>Beklagt hat sich gestern Morgen eine BZ-Leserin, weil es beim Konzert des Heeresmusikkorps 5 der Bundeswehr f\u00fcr sie zu unliebsamen Begleiterscheinungen gekommen war: Von 21.30 Uhr bis gegen 22.30 Uhr parkte am Mittwochabend ein Milit\u00e4rbus auf dem B\u00fcrgerhausvorplatz mit laufendem Motor.<\/p>\n\n\n\n<p>Die BZ-Leserin, die in unmittelbarer N\u00e4he zum B\u00fcrgerhaus wohnt, fand dieses wenig umweltfreundliche Verhalten sehr st\u00f6rend. Das Motortuckern \u00fcber eine Stunde lang und dass damit verbundene Verpesten der Luft durch die Abgasschwaden seien Dinge, die sich einfach nicht geh\u00f6rten, meint die Leserin, der wir voll und ganz recht geben.<\/p>\n\n\n\n<p>Ein anderer Grund zur Klage fand sich beim Vorsitzenden des Spielmanns- und Fanfarenzuges der Freiwilligen Feuerwehr Kirch-G\u00f6ns. Hans-Peter Tiedemann konnte es partout nicht verstehen, warum an diesem Abend die B\u00fcrgerhaus-Gastst\u00e4tte ihre Pforten geschlossen hielt. ,,Die Leute haben sich echt ein Gesch\u00e4ft entgehen lassen, denn es w\u00e4ren etliche Mitwirkende und Besucher froh gewesen, wenn sie sich ein Essen h\u00e4tten bestellen k\u00f6nnen\u201c, meinte Tiedemann, der ebenso wie Dirigent Major Hans Orterer mit knurrendem Magen ins Konzert ging.<\/p>\n\n\n\n<p>Zum Schluss hatte Tiedemann seinen (norddeutschen) Humor dann doch wieder gefunden, denn bei seiner kurzen Rede vor der Zugabe sagte er: &#8222;Wie ich sehe, sitzen im Saal auch einige Besucher aus der Kernstadt. Das freut mich, dass die Stadtteile diesmal nicht allein unter sich sind!&#8220;<\/p>\n\n\n\n<p>Die Bitte ans Publikum, in anderthalb Jahren beim n\u00e4chsten Heeresmusikkorps-Konzert wieder ins B\u00fcrgerhaus zu kommen, schloss Tiedemann dann ganz f\u00fcrsorglich mit einem einstweiligen \u201eFr\u00f6hliche Weihnachten, wenn wir uns nicht mehr sehen sollten!\u201c ab.<\/p>\n\n\n\n<p>Quelle: Butzbacher Zeitung vom 10. M\u00e4rz 1989<\/p>\n","protected":false},"excerpt":{"rendered":"<p>Beklagt hat sich gestern Morgen eine BZ-Leserin, weil es beim Konzert des Heeresmusikkorps 5 der Bundeswehr f\u00fcr sie zu unliebsamen Begleiterscheinungen gekommen war: Von 21.30 Uhr bis gegen 22.30 Uhr parkte am Mittwochabend ein Milit\u00e4rbus auf dem B\u00fcrgerhausvorplatz mit laufendem Motor. Die BZ-Leserin, die in unmittelbarer N\u00e4he zum B\u00fcrgerhaus wohnt, fand dieses wenig umweltfreundliche Verhalten &#8230; <a title=\"Klagen und Humor\" class=\"read-more\" href=\"http:\/\/875jahrekirchgoens.de\/?p=15168\" aria-label=\"Mehr Informationen \u00fcber Klagen und Humor\">Weiterlesen<\/a><\/p>\n","protected":false},"author":1,"featured_media":0,"comment_status":"closed","ping_status":"open","sticky":false,"template":"","format":"standard","meta":{"footnotes":""},"categories":[1],"tags":[],"class_list":["post-15168","post","type-post","status-publish","format-standard","hentry","category-infos"],"_links":{"self":[{"href":"http:\/\/875jahrekirchgoens.de\/index.php?rest_route=\/wp\/v2\/posts\/15168","targetHints":{"allow":["GET"]}}],"collection":[{"href":"http:\/\/875jahrekirchgoens.de\/index.php?rest_route=\/wp\/v2\/posts"}],"about":[{"href":"http:\/\/875jahrekirchgoens.de\/index.php?rest_route=\/wp\/v2\/types\/post"}],"author":[{"embeddable":true,"href":"http:\/\/875jahrekirchgoens.de\/index.php?rest_route=\/wp\/v2\/users\/1"}],"replies":[{"embeddable":true,"href":"http:\/\/875jahrekirchgoens.de\/index.php?rest_route=%2Fwp%2Fv2%2Fcomments&post=15168"}],"version-history":[{"count":1,"href":"http:\/\/875jahrekirchgoens.de\/index.php?rest_route=\/wp\/v2\/posts\/15168\/revisions"}],"predecessor-version":[{"id":15169,"href":"http:\/\/875jahrekirchgoens.de\/index.php?rest_route=\/wp\/v2\/posts\/15168\/revisions\/15169"}],"wp:attachment":[{"href":"http:\/\/875jahrekirchgoens.de\/index.php?rest_route=%2Fwp%2Fv2%2Fmedia&parent=15168"}],"wp:term":[{"taxonomy":"category","embeddable":true,"href":"http:\/\/875jahrekirchgoens.de\/index.php?rest_route=%2Fwp%2Fv2%2Fcategories&post=15168"},{"taxonomy":"post_tag","embeddable":true,"href":"http:\/\/875jahrekirchgoens.de\/index.php?rest_route=%2Fwp%2Fv2%2Ftags&post=15168"}],"curies":[{"name":"wp","href":"https:\/\/api.w.org\/{rel}","templated":true}]}}