{"id":15170,"date":"1989-03-07T18:18:00","date_gmt":"1989-03-07T18:18:00","guid":{"rendered":"http:\/\/875jahrekirchgoens.de\/?p=15170"},"modified":"2024-03-17T18:20:06","modified_gmt":"2024-03-17T18:20:06","slug":"heeresmusikkorps-5-spielt-morgen-im-buergerhaus","status":"publish","type":"post","link":"http:\/\/875jahrekirchgoens.de\/?p=15170","title":{"rendered":"Heeresmusikkorps 5 spielt morgen im B\u00fcrgerhaus"},"content":{"rendered":"\n<p>Das Heeresmusikkorps 5 aus Gie\u00dfen gibt morgen um 20 Uhr im B\u00fcrgerhaus ein Konzert unter dem Titel \u201eMelodien und Rhythmus\u201c. Mit M\u00e4rschen, klassischen Melodien und Schlagern wollen die 55 Mann um ihren Dirigenten Major Hans Orterer nun schon zum dritten Male das Publikum aus Butzbach und Umgebung unterhalten. Der Kartenvorverkauf in den Gesch\u00e4ften Radio Wolf, Eisenwaren Wenzl, Lotto-Toto Roth\u00e4rmel (alle Butzbach) und B\u00e4ckereifiliale Steinm\u00fcller (Kirch-G\u00f6ns) l\u00e4uft noch bis morgen um 12 Uhr. Die restlichen Karten sind dann an der Abendkasse im B\u00fcrgerhaus ab 19 Uhr erh\u00e4ltlich.<\/p>\n\n\n\n<p>Quelle und Bild: Butzbacher Zeitung vom 7. M\u00e4rz 1989<\/p>\n\n\n\n<figure class=\"wp-block-image size-large\"><img loading=\"lazy\" decoding=\"async\" width=\"1024\" height=\"458\" src=\"http:\/\/875jahrekirchgoens.de\/wp-content\/uploads\/2024\/03\/1989-Musikkorps-Bild1-1024x458.jpg\" alt=\"\" class=\"wp-image-15171\" srcset=\"http:\/\/875jahrekirchgoens.de\/wp-content\/uploads\/2024\/03\/1989-Musikkorps-Bild1-1024x458.jpg 1024w, http:\/\/875jahrekirchgoens.de\/wp-content\/uploads\/2024\/03\/1989-Musikkorps-Bild1-300x134.jpg 300w, http:\/\/875jahrekirchgoens.de\/wp-content\/uploads\/2024\/03\/1989-Musikkorps-Bild1-768x344.jpg 768w, http:\/\/875jahrekirchgoens.de\/wp-content\/uploads\/2024\/03\/1989-Musikkorps-Bild1.jpg 1386w\" sizes=\"auto, (max-width: 1024px) 100vw, 1024px\" \/><\/figure>\n","protected":false},"excerpt":{"rendered":"<p>Das Heeresmusikkorps 5 aus Gie\u00dfen gibt morgen um 20 Uhr im B\u00fcrgerhaus ein Konzert unter dem Titel \u201eMelodien und Rhythmus\u201c. Mit M\u00e4rschen, klassischen Melodien und Schlagern wollen die 55 Mann um ihren Dirigenten Major Hans Orterer nun schon zum dritten Male das Publikum aus Butzbach und Umgebung unterhalten. Der Kartenvorverkauf in den Gesch\u00e4ften Radio Wolf, &#8230; <a title=\"Heeresmusikkorps 5 spielt morgen im B\u00fcrgerhaus\" class=\"read-more\" href=\"http:\/\/875jahrekirchgoens.de\/?p=15170\" aria-label=\"Mehr Informationen \u00fcber Heeresmusikkorps 5 spielt morgen im B\u00fcrgerhaus\">Weiterlesen<\/a><\/p>\n","protected":false},"author":1,"featured_media":0,"comment_status":"closed","ping_status":"open","sticky":false,"template":"","format":"standard","meta":{"footnotes":""},"categories":[1],"tags":[],"class_list":["post-15170","post","type-post","status-publish","format-standard","hentry","category-infos"],"_links":{"self":[{"href":"http:\/\/875jahrekirchgoens.de\/index.php?rest_route=\/wp\/v2\/posts\/15170","targetHints":{"allow":["GET"]}}],"collection":[{"href":"http:\/\/875jahrekirchgoens.de\/index.php?rest_route=\/wp\/v2\/posts"}],"about":[{"href":"http:\/\/875jahrekirchgoens.de\/index.php?rest_route=\/wp\/v2\/types\/post"}],"author":[{"embeddable":true,"href":"http:\/\/875jahrekirchgoens.de\/index.php?rest_route=\/wp\/v2\/users\/1"}],"replies":[{"embeddable":true,"href":"http:\/\/875jahrekirchgoens.de\/index.php?rest_route=%2Fwp%2Fv2%2Fcomments&post=15170"}],"version-history":[{"count":1,"href":"http:\/\/875jahrekirchgoens.de\/index.php?rest_route=\/wp\/v2\/posts\/15170\/revisions"}],"predecessor-version":[{"id":15172,"href":"http:\/\/875jahrekirchgoens.de\/index.php?rest_route=\/wp\/v2\/posts\/15170\/revisions\/15172"}],"wp:attachment":[{"href":"http:\/\/875jahrekirchgoens.de\/index.php?rest_route=%2Fwp%2Fv2%2Fmedia&parent=15170"}],"wp:term":[{"taxonomy":"category","embeddable":true,"href":"http:\/\/875jahrekirchgoens.de\/index.php?rest_route=%2Fwp%2Fv2%2Fcategories&post=15170"},{"taxonomy":"post_tag","embeddable":true,"href":"http:\/\/875jahrekirchgoens.de\/index.php?rest_route=%2Fwp%2Fv2%2Ftags&post=15170"}],"curies":[{"name":"wp","href":"https:\/\/api.w.org\/{rel}","templated":true}]}}