{"id":15178,"date":"1988-09-15T18:23:00","date_gmt":"1988-09-15T18:23:00","guid":{"rendered":"http:\/\/875jahrekirchgoens.de\/?p=15178"},"modified":"2024-03-17T18:25:03","modified_gmt":"2024-03-17T18:25:03","slug":"fanfarennachwuchs-ist-tuechtig-am-ueben","status":"publish","type":"post","link":"http:\/\/875jahrekirchgoens.de\/?p=15178","title":{"rendered":"Fanfarennachwuchs ist t\u00fcchtig am \u00dcben"},"content":{"rendered":"\n<p>Acht junge M\u00e4nner umfasst augenblicklich die Nachwuchsgruppe des Kirch-G\u00f6nser Fanfarenzuges, die sich montags von 18.30 bis 19.45 Uhr in der Mittelpunktschule \u201eOberer H\u00fcttenberg\u201c oder im Freilandklassenzimmer zu den \u00dcbungsstunden trifft. Nachwuchs-Ausbilder Helmut R\u00fchl, Tel. 64150, w\u00fcrde sich \u00fcber weitere Mitwirkende in seiner Gruppe freuen.<\/p>\n\n\n\n<p>Quelle und Bild: Butzbacher Zeitung vom 15. September 1988<\/p>\n\n\n\n<figure class=\"wp-block-image size-full\"><img loading=\"lazy\" decoding=\"async\" width=\"623\" height=\"444\" src=\"http:\/\/875jahrekirchgoens.de\/wp-content\/uploads\/2024\/03\/1988-SFZ-Nachwuchs-Bild2.jpg\" alt=\"\" class=\"wp-image-15179\" srcset=\"http:\/\/875jahrekirchgoens.de\/wp-content\/uploads\/2024\/03\/1988-SFZ-Nachwuchs-Bild2.jpg 623w, http:\/\/875jahrekirchgoens.de\/wp-content\/uploads\/2024\/03\/1988-SFZ-Nachwuchs-Bild2-300x214.jpg 300w\" sizes=\"auto, (max-width: 623px) 100vw, 623px\" \/><\/figure>\n","protected":false},"excerpt":{"rendered":"<p>Acht junge M\u00e4nner umfasst augenblicklich die Nachwuchsgruppe des Kirch-G\u00f6nser Fanfarenzuges, die sich montags von 18.30 bis 19.45 Uhr in der Mittelpunktschule \u201eOberer H\u00fcttenberg\u201c oder im Freilandklassenzimmer zu den \u00dcbungsstunden trifft. Nachwuchs-Ausbilder Helmut R\u00fchl, Tel. 64150, w\u00fcrde sich \u00fcber weitere Mitwirkende in seiner Gruppe freuen. Quelle und Bild: Butzbacher Zeitung vom 15. September 1988<\/p>\n","protected":false},"author":1,"featured_media":0,"comment_status":"closed","ping_status":"open","sticky":false,"template":"","format":"standard","meta":{"footnotes":""},"categories":[1],"tags":[],"class_list":["post-15178","post","type-post","status-publish","format-standard","hentry","category-infos"],"_links":{"self":[{"href":"http:\/\/875jahrekirchgoens.de\/index.php?rest_route=\/wp\/v2\/posts\/15178","targetHints":{"allow":["GET"]}}],"collection":[{"href":"http:\/\/875jahrekirchgoens.de\/index.php?rest_route=\/wp\/v2\/posts"}],"about":[{"href":"http:\/\/875jahrekirchgoens.de\/index.php?rest_route=\/wp\/v2\/types\/post"}],"author":[{"embeddable":true,"href":"http:\/\/875jahrekirchgoens.de\/index.php?rest_route=\/wp\/v2\/users\/1"}],"replies":[{"embeddable":true,"href":"http:\/\/875jahrekirchgoens.de\/index.php?rest_route=%2Fwp%2Fv2%2Fcomments&post=15178"}],"version-history":[{"count":1,"href":"http:\/\/875jahrekirchgoens.de\/index.php?rest_route=\/wp\/v2\/posts\/15178\/revisions"}],"predecessor-version":[{"id":15180,"href":"http:\/\/875jahrekirchgoens.de\/index.php?rest_route=\/wp\/v2\/posts\/15178\/revisions\/15180"}],"wp:attachment":[{"href":"http:\/\/875jahrekirchgoens.de\/index.php?rest_route=%2Fwp%2Fv2%2Fmedia&parent=15178"}],"wp:term":[{"taxonomy":"category","embeddable":true,"href":"http:\/\/875jahrekirchgoens.de\/index.php?rest_route=%2Fwp%2Fv2%2Fcategories&post=15178"},{"taxonomy":"post_tag","embeddable":true,"href":"http:\/\/875jahrekirchgoens.de\/index.php?rest_route=%2Fwp%2Fv2%2Ftags&post=15178"}],"curies":[{"name":"wp","href":"https:\/\/api.w.org\/{rel}","templated":true}]}}