{"id":15184,"date":"1988-06-27T18:27:00","date_gmt":"1988-06-27T18:27:00","guid":{"rendered":"http:\/\/875jahrekirchgoens.de\/?p=15184"},"modified":"2024-03-17T18:28:50","modified_gmt":"2024-03-17T18:28:50","slug":"bei-schweissarbeiten-brannte-pkw-aus","status":"publish","type":"post","link":"http:\/\/875jahrekirchgoens.de\/?p=15184","title":{"rendered":"Bei Schwei\u00dfarbeiten brannte Pkw aus"},"content":{"rendered":"\n<p>Bei Schwei\u00dfarbeiten geriet am Samstagnachmittag kurz nach 16 Uhr auf dem Grundst\u00fcck in der Gartenstra\u00dfe ein Pkw in Brand. Die sofort alarmierte Freiwillige Feuerwehr hatte das Feuer nach wenigen Minuten unter Kontrolle. W\u00e4hrend das Fahrzeug falls v\u00f6llig ausbrannte, entstand an der danebenstehenden Feldscheune betr\u00e4chtlicher Sachschaden. Die dort gelagerten Heuvorr\u00e4te blieben zum Gl\u00fcck vor den Flammen verschont. In der Scheune untergestellte Erntemaschinen wurden von hilfreichen Nachbarn in Sicherheit gebracht.<\/p>\n\n\n\n<p>Quelle und Bild: Butzbacher Zeitung vom 27. Juni 1988<\/p>\n\n\n\n<figure class=\"wp-block-image size-full\"><img loading=\"lazy\" decoding=\"async\" width=\"673\" height=\"486\" src=\"http:\/\/875jahrekirchgoens.de\/wp-content\/uploads\/2024\/03\/1988-PKW-brennt-Bild1.jpg\" alt=\"\" class=\"wp-image-15185\" srcset=\"http:\/\/875jahrekirchgoens.de\/wp-content\/uploads\/2024\/03\/1988-PKW-brennt-Bild1.jpg 673w, http:\/\/875jahrekirchgoens.de\/wp-content\/uploads\/2024\/03\/1988-PKW-brennt-Bild1-300x217.jpg 300w\" sizes=\"auto, (max-width: 673px) 100vw, 673px\" \/><\/figure>\n","protected":false},"excerpt":{"rendered":"<p>Bei Schwei\u00dfarbeiten geriet am Samstagnachmittag kurz nach 16 Uhr auf dem Grundst\u00fcck in der Gartenstra\u00dfe ein Pkw in Brand. Die sofort alarmierte Freiwillige Feuerwehr hatte das Feuer nach wenigen Minuten unter Kontrolle. W\u00e4hrend das Fahrzeug falls v\u00f6llig ausbrannte, entstand an der danebenstehenden Feldscheune betr\u00e4chtlicher Sachschaden. Die dort gelagerten Heuvorr\u00e4te blieben zum Gl\u00fcck vor den Flammen &#8230; <a title=\"Bei Schwei\u00dfarbeiten brannte Pkw aus\" class=\"read-more\" href=\"http:\/\/875jahrekirchgoens.de\/?p=15184\" aria-label=\"Mehr Informationen \u00fcber Bei Schwei\u00dfarbeiten brannte Pkw aus\">Weiterlesen<\/a><\/p>\n","protected":false},"author":1,"featured_media":0,"comment_status":"closed","ping_status":"open","sticky":false,"template":"","format":"standard","meta":{"footnotes":""},"categories":[1],"tags":[],"class_list":["post-15184","post","type-post","status-publish","format-standard","hentry","category-infos"],"_links":{"self":[{"href":"http:\/\/875jahrekirchgoens.de\/index.php?rest_route=\/wp\/v2\/posts\/15184","targetHints":{"allow":["GET"]}}],"collection":[{"href":"http:\/\/875jahrekirchgoens.de\/index.php?rest_route=\/wp\/v2\/posts"}],"about":[{"href":"http:\/\/875jahrekirchgoens.de\/index.php?rest_route=\/wp\/v2\/types\/post"}],"author":[{"embeddable":true,"href":"http:\/\/875jahrekirchgoens.de\/index.php?rest_route=\/wp\/v2\/users\/1"}],"replies":[{"embeddable":true,"href":"http:\/\/875jahrekirchgoens.de\/index.php?rest_route=%2Fwp%2Fv2%2Fcomments&post=15184"}],"version-history":[{"count":1,"href":"http:\/\/875jahrekirchgoens.de\/index.php?rest_route=\/wp\/v2\/posts\/15184\/revisions"}],"predecessor-version":[{"id":15186,"href":"http:\/\/875jahrekirchgoens.de\/index.php?rest_route=\/wp\/v2\/posts\/15184\/revisions\/15186"}],"wp:attachment":[{"href":"http:\/\/875jahrekirchgoens.de\/index.php?rest_route=%2Fwp%2Fv2%2Fmedia&parent=15184"}],"wp:term":[{"taxonomy":"category","embeddable":true,"href":"http:\/\/875jahrekirchgoens.de\/index.php?rest_route=%2Fwp%2Fv2%2Fcategories&post=15184"},{"taxonomy":"post_tag","embeddable":true,"href":"http:\/\/875jahrekirchgoens.de\/index.php?rest_route=%2Fwp%2Fv2%2Ftags&post=15184"}],"curies":[{"name":"wp","href":"https:\/\/api.w.org\/{rel}","templated":true}]}}