{"id":15188,"date":"1988-03-10T18:31:00","date_gmt":"1988-03-10T18:31:00","guid":{"rendered":"http:\/\/875jahrekirchgoens.de\/?p=15188"},"modified":"2024-03-18T12:25:07","modified_gmt":"2024-03-18T12:25:07","slug":"stabfuehrerwechsel-im-spielmannszug-kirch-goens","status":"publish","type":"post","link":"http:\/\/875jahrekirchgoens.de\/?p=15188","title":{"rendered":"Stabf\u00fchrerwechsel im Spielmannszug Kirch-G\u00f6ns"},"content":{"rendered":"\n<p>An der musikalischen Spitze des Kirch-G\u00f6nser Spielmannszuges vollzog sich in der letzten Woche ein bedeutsamer Wechsel. Nach zwanzigj\u00e4hriger T\u00e4tigkeit als Stabf\u00fchrer schied Helmut Kraeft aus seinem bisherigen mit viel \u201eArbeit, Einsatz und Idealismus\u201c \u2013 so Spielmanns- und Fanfarenzug-Vorsitzender Hans-Peter Tiedemann \u2013 versehenem Amt aus. In Helmut Kraefts Fu\u00dfstapfen trat nun die zwanzigj\u00e4hrige Christine Will, die bereits seit 1974 aktive Musikantin im Spielmannszug ist und sich schon ihre ersten Lorbeeren als Stabf\u00fchrerin verdient hat. Unser Bild zeigt links Helmut Kraeft, den Hans-Peter Tiedemann (r.) mit einem Zinnteller verabschiedete. Zur Amtseinf\u00fchrung gab es f\u00fcr Christine Will (M.) einen gro\u00dfen Blumenstrau\u00df.<\/p>\n\n\n\n<p>Quelle: Butzbacher Zeitung vom 10. M\u00e4rz 1988<\/p>\n\n\n\n<figure class=\"wp-block-image size-full\"><img loading=\"lazy\" decoding=\"async\" width=\"734\" height=\"514\" src=\"http:\/\/875jahrekirchgoens.de\/wp-content\/uploads\/2024\/03\/1988-Stabswechsel-Bild1.jpg\" alt=\"\" class=\"wp-image-15187\" srcset=\"http:\/\/875jahrekirchgoens.de\/wp-content\/uploads\/2024\/03\/1988-Stabswechsel-Bild1.jpg 734w, http:\/\/875jahrekirchgoens.de\/wp-content\/uploads\/2024\/03\/1988-Stabswechsel-Bild1-300x210.jpg 300w\" sizes=\"auto, (max-width: 734px) 100vw, 734px\" \/><\/figure>\n","protected":false},"excerpt":{"rendered":"<p>An der musikalischen Spitze des Kirch-G\u00f6nser Spielmannszuges vollzog sich in der letzten Woche ein bedeutsamer Wechsel. Nach zwanzigj\u00e4hriger T\u00e4tigkeit als Stabf\u00fchrer schied Helmut Kraeft aus seinem bisherigen mit viel \u201eArbeit, Einsatz und Idealismus\u201c \u2013 so Spielmanns- und Fanfarenzug-Vorsitzender Hans-Peter Tiedemann \u2013 versehenem Amt aus. In Helmut Kraefts Fu\u00dfstapfen trat nun die zwanzigj\u00e4hrige Christine Will, die &#8230; <a title=\"Stabf\u00fchrerwechsel im Spielmannszug Kirch-G\u00f6ns\" class=\"read-more\" href=\"http:\/\/875jahrekirchgoens.de\/?p=15188\" aria-label=\"Mehr Informationen \u00fcber Stabf\u00fchrerwechsel im Spielmannszug Kirch-G\u00f6ns\">Weiterlesen<\/a><\/p>\n","protected":false},"author":1,"featured_media":0,"comment_status":"closed","ping_status":"open","sticky":false,"template":"","format":"standard","meta":{"footnotes":""},"categories":[1],"tags":[],"class_list":["post-15188","post","type-post","status-publish","format-standard","hentry","category-infos"],"_links":{"self":[{"href":"http:\/\/875jahrekirchgoens.de\/index.php?rest_route=\/wp\/v2\/posts\/15188","targetHints":{"allow":["GET"]}}],"collection":[{"href":"http:\/\/875jahrekirchgoens.de\/index.php?rest_route=\/wp\/v2\/posts"}],"about":[{"href":"http:\/\/875jahrekirchgoens.de\/index.php?rest_route=\/wp\/v2\/types\/post"}],"author":[{"embeddable":true,"href":"http:\/\/875jahrekirchgoens.de\/index.php?rest_route=\/wp\/v2\/users\/1"}],"replies":[{"embeddable":true,"href":"http:\/\/875jahrekirchgoens.de\/index.php?rest_route=%2Fwp%2Fv2%2Fcomments&post=15188"}],"version-history":[{"count":1,"href":"http:\/\/875jahrekirchgoens.de\/index.php?rest_route=\/wp\/v2\/posts\/15188\/revisions"}],"predecessor-version":[{"id":15189,"href":"http:\/\/875jahrekirchgoens.de\/index.php?rest_route=\/wp\/v2\/posts\/15188\/revisions\/15189"}],"wp:attachment":[{"href":"http:\/\/875jahrekirchgoens.de\/index.php?rest_route=%2Fwp%2Fv2%2Fmedia&parent=15188"}],"wp:term":[{"taxonomy":"category","embeddable":true,"href":"http:\/\/875jahrekirchgoens.de\/index.php?rest_route=%2Fwp%2Fv2%2Fcategories&post=15188"},{"taxonomy":"post_tag","embeddable":true,"href":"http:\/\/875jahrekirchgoens.de\/index.php?rest_route=%2Fwp%2Fv2%2Ftags&post=15188"}],"curies":[{"name":"wp","href":"https:\/\/api.w.org\/{rel}","templated":true}]}}