{"id":15202,"date":"1987-09-15T18:48:00","date_gmt":"1987-09-15T18:48:00","guid":{"rendered":"http:\/\/875jahrekirchgoens.de\/?p=15202"},"modified":"2024-03-17T18:49:58","modified_gmt":"2024-03-17T18:49:58","slug":"trimm-dich-tag-des-tv-kirch-goens","status":"publish","type":"post","link":"http:\/\/875jahrekirchgoens.de\/?p=15202","title":{"rendered":"Trimm-Dich-Tag des TV Kirch-G\u00f6ns"},"content":{"rendered":"\n<p>Rund zweihundert Teilnehmer gingen am Sonntag beim Volkswandern und Volksradfahren des TV Kirch-G\u00f6ns an den Start. Lagen im letzten Jahr noch die Radler zahlenm\u00e4\u00dfig vorn, so hatten diesmal die Wanderer mit 135 gemeldeten Personen einen deutlichen Vorsprung vor der zweir\u00e4drigen Konkurrenz (62 Starter). Unsere Bilder zeitgen Aufnahmen von der Doppel-Veranstaltung: Oben links: Gleich macht sich diese Gruppe auf die 27 Km lange Radstrecke \u201eRund um den H\u00fcttenberg\u201c. Oben rechts: Die st\u00e4rkste Wandergruppe stellte der Spielmanns- und Fanfarenzug, hier am Rande des Griedeler Markwaldes unterwegs auf der 10 Kilometer messenden Route. Unten rechts: Hochbetrieb herrscht zuweilen am Griedeler Waldhaus, wo sich die Kontrollstelle f\u00fcr die Wanderer befand. Unten links: Nach dem Trimmen war am Kirch-G\u00f6nser Sportplatz Gelegenheit zum gem\u00fctlichen Beisammensein. Am Nachmittag veranstaltete der TV noch ein Fu\u00dfballturnier f\u00fcr Ortsmannschaften. Den Sieg errang die Tischtennisabteilung des TV mit einem 1:0 Endspielerfolg \u00fcber den Stammtisch \u201eHarter Kern\u201c.<\/p>\n\n\n\n<p>Quelle und Bilder: Butzbacher Zeitung vom 15. September 1987<\/p>\n\n\n\n<figure class=\"wp-block-image size-full\"><img loading=\"lazy\" decoding=\"async\" width=\"907\" height=\"682\" src=\"http:\/\/875jahrekirchgoens.de\/wp-content\/uploads\/2024\/03\/1987-TD-.png\" alt=\"\" class=\"wp-image-15207\" srcset=\"http:\/\/875jahrekirchgoens.de\/wp-content\/uploads\/2024\/03\/1987-TD-.png 907w, http:\/\/875jahrekirchgoens.de\/wp-content\/uploads\/2024\/03\/1987-TD--300x226.png 300w, http:\/\/875jahrekirchgoens.de\/wp-content\/uploads\/2024\/03\/1987-TD--768x577.png 768w\" sizes=\"auto, (max-width: 907px) 100vw, 907px\" \/><\/figure>\n","protected":false},"excerpt":{"rendered":"<p>Rund zweihundert Teilnehmer gingen am Sonntag beim Volkswandern und Volksradfahren des TV Kirch-G\u00f6ns an den Start. Lagen im letzten Jahr noch die Radler zahlenm\u00e4\u00dfig vorn, so hatten diesmal die Wanderer mit 135 gemeldeten Personen einen deutlichen Vorsprung vor der zweir\u00e4drigen Konkurrenz (62 Starter). Unsere Bilder zeitgen Aufnahmen von der Doppel-Veranstaltung: Oben links: Gleich macht sich &#8230; <a title=\"Trimm-Dich-Tag des TV Kirch-G\u00f6ns\" class=\"read-more\" href=\"http:\/\/875jahrekirchgoens.de\/?p=15202\" aria-label=\"Mehr Informationen \u00fcber Trimm-Dich-Tag des TV Kirch-G\u00f6ns\">Weiterlesen<\/a><\/p>\n","protected":false},"author":1,"featured_media":0,"comment_status":"closed","ping_status":"open","sticky":false,"template":"","format":"standard","meta":{"footnotes":""},"categories":[1],"tags":[],"class_list":["post-15202","post","type-post","status-publish","format-standard","hentry","category-infos"],"_links":{"self":[{"href":"http:\/\/875jahrekirchgoens.de\/index.php?rest_route=\/wp\/v2\/posts\/15202","targetHints":{"allow":["GET"]}}],"collection":[{"href":"http:\/\/875jahrekirchgoens.de\/index.php?rest_route=\/wp\/v2\/posts"}],"about":[{"href":"http:\/\/875jahrekirchgoens.de\/index.php?rest_route=\/wp\/v2\/types\/post"}],"author":[{"embeddable":true,"href":"http:\/\/875jahrekirchgoens.de\/index.php?rest_route=\/wp\/v2\/users\/1"}],"replies":[{"embeddable":true,"href":"http:\/\/875jahrekirchgoens.de\/index.php?rest_route=%2Fwp%2Fv2%2Fcomments&post=15202"}],"version-history":[{"count":1,"href":"http:\/\/875jahrekirchgoens.de\/index.php?rest_route=\/wp\/v2\/posts\/15202\/revisions"}],"predecessor-version":[{"id":15208,"href":"http:\/\/875jahrekirchgoens.de\/index.php?rest_route=\/wp\/v2\/posts\/15202\/revisions\/15208"}],"wp:attachment":[{"href":"http:\/\/875jahrekirchgoens.de\/index.php?rest_route=%2Fwp%2Fv2%2Fmedia&parent=15202"}],"wp:term":[{"taxonomy":"category","embeddable":true,"href":"http:\/\/875jahrekirchgoens.de\/index.php?rest_route=%2Fwp%2Fv2%2Fcategories&post=15202"},{"taxonomy":"post_tag","embeddable":true,"href":"http:\/\/875jahrekirchgoens.de\/index.php?rest_route=%2Fwp%2Fv2%2Ftags&post=15202"}],"curies":[{"name":"wp","href":"https:\/\/api.w.org\/{rel}","templated":true}]}}