{"id":15218,"date":"2024-03-22T18:49:31","date_gmt":"2024-03-22T18:49:31","guid":{"rendered":"http:\/\/875jahrekirchgoens.de\/?p=15218"},"modified":"2024-03-25T18:50:48","modified_gmt":"2024-03-25T18:50:48","slug":"erneuerung-der-dorfeingangsschilder","status":"publish","type":"post","link":"http:\/\/875jahrekirchgoens.de\/?p=15218","title":{"rendered":"Erneuerung der Dorfeingangsschilder"},"content":{"rendered":"\n<p>(Mz.) Im Zuge der Vorbereitungen zur 875-Jahrfeier von Kirch-G\u00f6ns im Jahre 2025 wird aktuell vom Bauausschuss der Interessengemeinschaft der Kirch-G\u00f6nser Vereine die Demontage und Neugestaltung der Dorfeingangsschilder vorgenommen.<\/p>\n\n\n\n<p>Die Schildvorrichtungen aus Pohl-G\u00f6ns kommend in Richtung Hauptstra\u00dfe und aus Langg\u00f6ns kommend in Richtung Langg\u00f6nser Stra\u00dfe wurden abmontiert und lagern derzeit in den ehemaligen R\u00e4umen der Freiwilligen Feuerwehr im B\u00fcrgerhaus. Dort erfolgen die Arbeiten an den Aufbauten.<\/p>\n\n\n\n<p>Die Hinweistafel am Friedhof soll zu einem sp\u00e4teren Zeitpunkt erneuert werden. Geplant ist, dass in naher Zukunft die neu gebauten Werbetafeln wieder die Dorfeing\u00e4nge schm\u00fccken und best\u00fcckt werden k\u00f6nnen.<\/p>\n\n\n\n<p>Bild: Christian Mack \/ Kirch-G\u00f6ns<\/p>\n\n\n\n<figure class=\"wp-block-image size-full\"><img loading=\"lazy\" decoding=\"async\" width=\"478\" height=\"638\" src=\"http:\/\/875jahrekirchgoens.de\/wp-content\/uploads\/2024\/03\/Bild1.jpg\" alt=\"\" class=\"wp-image-15219\" srcset=\"http:\/\/875jahrekirchgoens.de\/wp-content\/uploads\/2024\/03\/Bild1.jpg 478w, http:\/\/875jahrekirchgoens.de\/wp-content\/uploads\/2024\/03\/Bild1-225x300.jpg 225w\" sizes=\"auto, (max-width: 478px) 100vw, 478px\" \/><\/figure>\n","protected":false},"excerpt":{"rendered":"<p>(Mz.) Im Zuge der Vorbereitungen zur 875-Jahrfeier von Kirch-G\u00f6ns im Jahre 2025 wird aktuell vom Bauausschuss der Interessengemeinschaft der Kirch-G\u00f6nser Vereine die Demontage und Neugestaltung der Dorfeingangsschilder vorgenommen. Die Schildvorrichtungen aus Pohl-G\u00f6ns kommend in Richtung Hauptstra\u00dfe und aus Langg\u00f6ns kommend in Richtung Langg\u00f6nser Stra\u00dfe wurden abmontiert und lagern derzeit in den ehemaligen R\u00e4umen der Freiwilligen &#8230; <a title=\"Erneuerung der Dorfeingangsschilder\" class=\"read-more\" href=\"http:\/\/875jahrekirchgoens.de\/?p=15218\" aria-label=\"Mehr Informationen \u00fcber Erneuerung der Dorfeingangsschilder\">Weiterlesen<\/a><\/p>\n","protected":false},"author":1,"featured_media":0,"comment_status":"closed","ping_status":"open","sticky":false,"template":"","format":"standard","meta":{"footnotes":""},"categories":[1],"tags":[],"class_list":["post-15218","post","type-post","status-publish","format-standard","hentry","category-infos"],"_links":{"self":[{"href":"http:\/\/875jahrekirchgoens.de\/index.php?rest_route=\/wp\/v2\/posts\/15218","targetHints":{"allow":["GET"]}}],"collection":[{"href":"http:\/\/875jahrekirchgoens.de\/index.php?rest_route=\/wp\/v2\/posts"}],"about":[{"href":"http:\/\/875jahrekirchgoens.de\/index.php?rest_route=\/wp\/v2\/types\/post"}],"author":[{"embeddable":true,"href":"http:\/\/875jahrekirchgoens.de\/index.php?rest_route=\/wp\/v2\/users\/1"}],"replies":[{"embeddable":true,"href":"http:\/\/875jahrekirchgoens.de\/index.php?rest_route=%2Fwp%2Fv2%2Fcomments&post=15218"}],"version-history":[{"count":1,"href":"http:\/\/875jahrekirchgoens.de\/index.php?rest_route=\/wp\/v2\/posts\/15218\/revisions"}],"predecessor-version":[{"id":15220,"href":"http:\/\/875jahrekirchgoens.de\/index.php?rest_route=\/wp\/v2\/posts\/15218\/revisions\/15220"}],"wp:attachment":[{"href":"http:\/\/875jahrekirchgoens.de\/index.php?rest_route=%2Fwp%2Fv2%2Fmedia&parent=15218"}],"wp:term":[{"taxonomy":"category","embeddable":true,"href":"http:\/\/875jahrekirchgoens.de\/index.php?rest_route=%2Fwp%2Fv2%2Fcategories&post=15218"},{"taxonomy":"post_tag","embeddable":true,"href":"http:\/\/875jahrekirchgoens.de\/index.php?rest_route=%2Fwp%2Fv2%2Ftags&post=15218"}],"curies":[{"name":"wp","href":"https:\/\/api.w.org\/{rel}","templated":true}]}}