{"id":15225,"date":"2021-04-22T19:13:00","date_gmt":"2021-04-22T19:13:00","guid":{"rendered":"http:\/\/875jahrekirchgoens.de\/?p=15225"},"modified":"2024-03-25T19:13:56","modified_gmt":"2024-03-25T19:13:56","slug":"migranten-verstecken-sich-in-karton","status":"publish","type":"post","link":"http:\/\/875jahrekirchgoens.de\/?p=15225","title":{"rendered":"Migranten verstecken sich in Karton"},"content":{"rendered":"\n<p>F\u00fcr zwei junge M\u00e4nner, die auf der Ladefl\u00e4che eines Lkw unerlaubt einreisen wollten, endete die Fahrt im Industriegebiet in Kirch-G\u00f6ns.<\/p>\n\n\n\n<p>Mitarbeiter einer Spedition waren beim Ausladen des Lasters auf ihrem Werksgel\u00e4nde auf die beiden M\u00e4nner gesto\u00dfen, die sich zwischen der Ladung in einem gr\u00f6\u00dferen Karton versteckt hatten. Einsatzkr\u00e4fte der Polizeistation Butzbach und der Bundespolizei Frankfurt nahmen den 21-j\u00e4hrigen Afghanen und den 35-J\u00e4hrigen aus Pakistan in Gewahrsam und gaben ihnen Getr\u00e4nke und Essen &#8211; denn beide waren in der T\u00fcrkei von Schleusern zwischen der Ladung versteckt worden.<\/p>\n\n\n\n<p>Die Fahrt \u00fcber den Balkan dauerte insgesamt sechs Tage. Die M\u00e4nner wurden in die Erstaufnahmeeinrichtung nach Gie\u00dfen gebracht. Gegen sie wurde ein Ermittlungsverfahren eingeleitet. Gegen den t\u00fcrkischen Lkw-Fahrer wird wegen des Verdachts der Schleusung ermittelt.<\/p>\n\n\n\n<p>Quelle: Wetterauer Zeitung vom 22. April 2021<\/p>\n","protected":false},"excerpt":{"rendered":"<p>F\u00fcr zwei junge M\u00e4nner, die auf der Ladefl\u00e4che eines Lkw unerlaubt einreisen wollten, endete die Fahrt im Industriegebiet in Kirch-G\u00f6ns. Mitarbeiter einer Spedition waren beim Ausladen des Lasters auf ihrem Werksgel\u00e4nde auf die beiden M\u00e4nner gesto\u00dfen, die sich zwischen der Ladung in einem gr\u00f6\u00dferen Karton versteckt hatten. Einsatzkr\u00e4fte der Polizeistation Butzbach und der Bundespolizei Frankfurt &#8230; <a title=\"Migranten verstecken sich in Karton\" class=\"read-more\" href=\"http:\/\/875jahrekirchgoens.de\/?p=15225\" aria-label=\"Mehr Informationen \u00fcber Migranten verstecken sich in Karton\">Weiterlesen<\/a><\/p>\n","protected":false},"author":1,"featured_media":0,"comment_status":"closed","ping_status":"open","sticky":false,"template":"","format":"standard","meta":{"footnotes":""},"categories":[1],"tags":[],"class_list":["post-15225","post","type-post","status-publish","format-standard","hentry","category-infos"],"_links":{"self":[{"href":"http:\/\/875jahrekirchgoens.de\/index.php?rest_route=\/wp\/v2\/posts\/15225","targetHints":{"allow":["GET"]}}],"collection":[{"href":"http:\/\/875jahrekirchgoens.de\/index.php?rest_route=\/wp\/v2\/posts"}],"about":[{"href":"http:\/\/875jahrekirchgoens.de\/index.php?rest_route=\/wp\/v2\/types\/post"}],"author":[{"embeddable":true,"href":"http:\/\/875jahrekirchgoens.de\/index.php?rest_route=\/wp\/v2\/users\/1"}],"replies":[{"embeddable":true,"href":"http:\/\/875jahrekirchgoens.de\/index.php?rest_route=%2Fwp%2Fv2%2Fcomments&post=15225"}],"version-history":[{"count":1,"href":"http:\/\/875jahrekirchgoens.de\/index.php?rest_route=\/wp\/v2\/posts\/15225\/revisions"}],"predecessor-version":[{"id":15226,"href":"http:\/\/875jahrekirchgoens.de\/index.php?rest_route=\/wp\/v2\/posts\/15225\/revisions\/15226"}],"wp:attachment":[{"href":"http:\/\/875jahrekirchgoens.de\/index.php?rest_route=%2Fwp%2Fv2%2Fmedia&parent=15225"}],"wp:term":[{"taxonomy":"category","embeddable":true,"href":"http:\/\/875jahrekirchgoens.de\/index.php?rest_route=%2Fwp%2Fv2%2Fcategories&post=15225"},{"taxonomy":"post_tag","embeddable":true,"href":"http:\/\/875jahrekirchgoens.de\/index.php?rest_route=%2Fwp%2Fv2%2Ftags&post=15225"}],"curies":[{"name":"wp","href":"https:\/\/api.w.org\/{rel}","templated":true}]}}