{"id":15246,"date":"2019-03-26T19:33:00","date_gmt":"2019-03-26T19:33:00","guid":{"rendered":"http:\/\/875jahrekirchgoens.de\/?p=15246"},"modified":"2024-03-25T19:33:59","modified_gmt":"2024-03-25T19:33:59","slug":"tauben-reisen-wieder","status":"publish","type":"post","link":"http:\/\/875jahrekirchgoens.de\/?p=15246","title":{"rendered":"Tauben reisen wieder"},"content":{"rendered":"\n<p>Mit den steigenden Temperaturen des Wonnemonats Mai startete die Reisetauben-Vereinigung-H\u00fcttenberg (RVH) ihren ersten Preisflug. Dank positiver Mitgliederentwicklung in der Vereinigung hatten 16 Taubenz\u00fcchter 619 Tauben auf die 189 Kilometer Luftlinie. Transportfahrer Walter Wingender \u00f6ffnete die Rollos zum Start.<\/p>\n\n\n\n<p>Mit einer durchschnittlichen Fluggeschwindigkeit von 72 Stundenkilometern kam die erste Taube um 11.22 Uhr bei Altmeister Wilfried H\u00f6chst in Kirch-G\u00f6ns in den Schlag. Dann ging es in den Heimatstaubenschl\u00e4gen bei den Z\u00fcchtern Josef Weinmann (Niederkleen), Tino Hotze (Rechtenbach), Roland Schuster (Oppershofen) und Klaus Wagner (Niederkleen) im wahrsten Sinne \u00bbSchlag auf Schlag\u00ab. Die letzte der insgesamt 207 Preistauben landete um 11.49 Uhr bei Karl-Heinz Lang (Langg\u00f6ns).<\/p>\n\n\n\n<p>Bei der schnellsten unbenannten Dreierserie flogen die Tauben von Altmeister Wilfried H\u00f6chst auf die Pl\u00e4tze 1, 3 und 8.<\/p>\n\n\n\n<p>In der RV-Meisterschaft erreichte H\u00f6chst vor Weinmann und Schuster den ersten Platz, bei der Meisterschaft hatte Weinmann vor Klaus Wagner und Schuster die Nase vorne und bei der j\u00e4hrigen Meisterschaft stand Wagner vor Weinmann und Hans Horn an der Spitze.<\/p>\n\n\n\n<p>In der \u00bbFluggemeinschaft Gie\u00dfen-S\u00fcd\u00ab kooperieren die RV-H\u00fcttenberg und RV-Wetterau. Im eigenen Spezial-Lkw transportieren sie ihre Tauben zu den jeweiligen Auflassungsorten im In- und angrenzenden Ausland. Zur Vorbereitung auf die jetzt begonnene Flugsaison haben die Z\u00fcchter bereits mit privaten Trainingsfl\u00fcgen und vier RV-Vorfl\u00fcgen ihre Tauben vorbereitet. Erst mit dem 13. Preisflug wird die Saison 2018 am 28. Juli enden und die neuen RV-Meister gekr\u00f6nt.<\/p>\n\n\n\n<p>Quelle: Wetterauer Zeitung vom 26. M\u00e4rz 2019<\/p>\n","protected":false},"excerpt":{"rendered":"<p>Mit den steigenden Temperaturen des Wonnemonats Mai startete die Reisetauben-Vereinigung-H\u00fcttenberg (RVH) ihren ersten Preisflug. Dank positiver Mitgliederentwicklung in der Vereinigung hatten 16 Taubenz\u00fcchter 619 Tauben auf die 189 Kilometer Luftlinie. Transportfahrer Walter Wingender \u00f6ffnete die Rollos zum Start. Mit einer durchschnittlichen Fluggeschwindigkeit von 72 Stundenkilometern kam die erste Taube um 11.22 Uhr bei Altmeister Wilfried &#8230; <a title=\"Tauben reisen wieder\" class=\"read-more\" href=\"http:\/\/875jahrekirchgoens.de\/?p=15246\" aria-label=\"Mehr Informationen \u00fcber Tauben reisen wieder\">Weiterlesen<\/a><\/p>\n","protected":false},"author":1,"featured_media":0,"comment_status":"closed","ping_status":"open","sticky":false,"template":"","format":"standard","meta":{"footnotes":""},"categories":[1],"tags":[],"class_list":["post-15246","post","type-post","status-publish","format-standard","hentry","category-infos"],"_links":{"self":[{"href":"http:\/\/875jahrekirchgoens.de\/index.php?rest_route=\/wp\/v2\/posts\/15246","targetHints":{"allow":["GET"]}}],"collection":[{"href":"http:\/\/875jahrekirchgoens.de\/index.php?rest_route=\/wp\/v2\/posts"}],"about":[{"href":"http:\/\/875jahrekirchgoens.de\/index.php?rest_route=\/wp\/v2\/types\/post"}],"author":[{"embeddable":true,"href":"http:\/\/875jahrekirchgoens.de\/index.php?rest_route=\/wp\/v2\/users\/1"}],"replies":[{"embeddable":true,"href":"http:\/\/875jahrekirchgoens.de\/index.php?rest_route=%2Fwp%2Fv2%2Fcomments&post=15246"}],"version-history":[{"count":1,"href":"http:\/\/875jahrekirchgoens.de\/index.php?rest_route=\/wp\/v2\/posts\/15246\/revisions"}],"predecessor-version":[{"id":15247,"href":"http:\/\/875jahrekirchgoens.de\/index.php?rest_route=\/wp\/v2\/posts\/15246\/revisions\/15247"}],"wp:attachment":[{"href":"http:\/\/875jahrekirchgoens.de\/index.php?rest_route=%2Fwp%2Fv2%2Fmedia&parent=15246"}],"wp:term":[{"taxonomy":"category","embeddable":true,"href":"http:\/\/875jahrekirchgoens.de\/index.php?rest_route=%2Fwp%2Fv2%2Fcategories&post=15246"},{"taxonomy":"post_tag","embeddable":true,"href":"http:\/\/875jahrekirchgoens.de\/index.php?rest_route=%2Fwp%2Fv2%2Ftags&post=15246"}],"curies":[{"name":"wp","href":"https:\/\/api.w.org\/{rel}","templated":true}]}}