{"id":15249,"date":"2012-02-23T19:37:00","date_gmt":"2012-02-23T19:37:00","guid":{"rendered":"http:\/\/875jahrekirchgoens.de\/?p=15249"},"modified":"2024-03-25T19:40:31","modified_gmt":"2024-03-25T19:40:31","slug":"in-kirch-goens-zogen-zusammen-mit-pfarrer-william-thum","status":"publish","type":"post","link":"http:\/\/875jahrekirchgoens.de\/?p=15249","title":{"rendered":"In Kirch-G\u00f6ns zogen zusammen mit Pfarrer William Thum \u2026"},"content":{"rendered":"\n<p>\u2026 am Fastnachtsdienstag Oldies des Musikzuges und ehemaligen Fanfarenzuges Kirch-G\u00f6ns durch das Dorf und sammelten anstatt Speck und Eiern Bares f\u00fcr die Renovierung der evangelischen Pfarrkirche. Bis in die Abendstunden war die Gruppe unterwegs und heimste immerhin rund 3.000 Euro ein. Diesmal sollen mit dem Geld zur Ausschm\u00fcckung des Kirchenraumes Holztafeln mit den acht Seligpreisungen angeschafft werden.<\/p>\n\n\n\n<p>Bereits zum vierten Mal fand der \u201eGang durch die Gemeinde\u201c an Fastnacht statt, der von Musikzug-Oldies ins Leben gerufen worden war. Pfarrer William Thum, dessen karnevalistische Ader schon weit \u00fcber die Grenzen des Dorfes bekannt ist, sammelte erste Erfahrungen in Sachen Karneval w\u00e4hrend seines Studiums in K\u00f6ln. Au\u00dferdem geh\u00f6rt er seit 20 Jahren dem K\u00f6lner Karneval-Club Blau-Wei\u00df an.<\/p>\n\n\n\n<p>Quelle und Bild: Butzbacher Zeitung vom 23. Februar 2012<\/p>\n\n\n\n<figure class=\"wp-block-image size-full\"><img loading=\"lazy\" decoding=\"async\" width=\"367\" height=\"257\" src=\"http:\/\/875jahrekirchgoens.de\/wp-content\/uploads\/2024\/03\/2012-Fasching-Bild1.png\" alt=\"\" class=\"wp-image-15250\" srcset=\"http:\/\/875jahrekirchgoens.de\/wp-content\/uploads\/2024\/03\/2012-Fasching-Bild1.png 367w, http:\/\/875jahrekirchgoens.de\/wp-content\/uploads\/2024\/03\/2012-Fasching-Bild1-300x210.png 300w\" sizes=\"auto, (max-width: 367px) 100vw, 367px\" \/><\/figure>\n","protected":false},"excerpt":{"rendered":"<p>\u2026 am Fastnachtsdienstag Oldies des Musikzuges und ehemaligen Fanfarenzuges Kirch-G\u00f6ns durch das Dorf und sammelten anstatt Speck und Eiern Bares f\u00fcr die Renovierung der evangelischen Pfarrkirche. Bis in die Abendstunden war die Gruppe unterwegs und heimste immerhin rund 3.000 Euro ein. Diesmal sollen mit dem Geld zur Ausschm\u00fcckung des Kirchenraumes Holztafeln mit den acht Seligpreisungen &#8230; <a title=\"In Kirch-G\u00f6ns zogen zusammen mit Pfarrer William Thum \u2026\" class=\"read-more\" href=\"http:\/\/875jahrekirchgoens.de\/?p=15249\" aria-label=\"Mehr Informationen \u00fcber In Kirch-G\u00f6ns zogen zusammen mit Pfarrer William Thum \u2026\">Weiterlesen<\/a><\/p>\n","protected":false},"author":1,"featured_media":0,"comment_status":"closed","ping_status":"open","sticky":false,"template":"","format":"standard","meta":{"footnotes":""},"categories":[1],"tags":[],"class_list":["post-15249","post","type-post","status-publish","format-standard","hentry","category-infos"],"_links":{"self":[{"href":"http:\/\/875jahrekirchgoens.de\/index.php?rest_route=\/wp\/v2\/posts\/15249","targetHints":{"allow":["GET"]}}],"collection":[{"href":"http:\/\/875jahrekirchgoens.de\/index.php?rest_route=\/wp\/v2\/posts"}],"about":[{"href":"http:\/\/875jahrekirchgoens.de\/index.php?rest_route=\/wp\/v2\/types\/post"}],"author":[{"embeddable":true,"href":"http:\/\/875jahrekirchgoens.de\/index.php?rest_route=\/wp\/v2\/users\/1"}],"replies":[{"embeddable":true,"href":"http:\/\/875jahrekirchgoens.de\/index.php?rest_route=%2Fwp%2Fv2%2Fcomments&post=15249"}],"version-history":[{"count":1,"href":"http:\/\/875jahrekirchgoens.de\/index.php?rest_route=\/wp\/v2\/posts\/15249\/revisions"}],"predecessor-version":[{"id":15251,"href":"http:\/\/875jahrekirchgoens.de\/index.php?rest_route=\/wp\/v2\/posts\/15249\/revisions\/15251"}],"wp:attachment":[{"href":"http:\/\/875jahrekirchgoens.de\/index.php?rest_route=%2Fwp%2Fv2%2Fmedia&parent=15249"}],"wp:term":[{"taxonomy":"category","embeddable":true,"href":"http:\/\/875jahrekirchgoens.de\/index.php?rest_route=%2Fwp%2Fv2%2Fcategories&post=15249"},{"taxonomy":"post_tag","embeddable":true,"href":"http:\/\/875jahrekirchgoens.de\/index.php?rest_route=%2Fwp%2Fv2%2Ftags&post=15249"}],"curies":[{"name":"wp","href":"https:\/\/api.w.org\/{rel}","templated":true}]}}