{"id":15257,"date":"2024-03-26T17:34:11","date_gmt":"2024-03-26T17:34:11","guid":{"rendered":"http:\/\/875jahrekirchgoens.de\/?p=15257"},"modified":"2024-03-26T17:34:12","modified_gmt":"2024-03-26T17:34:12","slug":"goenser-maedche-und-goenser-bub","status":"publish","type":"post","link":"http:\/\/875jahrekirchgoens.de\/?p=15257","title":{"rendered":"G\u00f6nser M\u00e4dche und G\u00f6nser Bub"},"content":{"rendered":"\n<p>(Mz.) In Kooperation mit Steffis Bastelvielfalt in Kirch-G\u00f6ns (Hauptstra\u00dfe) und der Interessengemeinschaft Kirch-G\u00f6ns wird ab sofort der Hoodie \u201eG\u00f6nser M\u00e4dche\u201c und \u201eG\u00f6nser Bub\u201c der \u00d6ffentlichkeit angeboten. Die Idee zur Anfertigung der Kleidungsst\u00fccke stammt von Katja Schenk aus Kirch-G\u00f6ns und die Umsetzung von Steffi Henseling. Im Werbeausschuss zur 875 Jahrfeier im Jahre 2025 wurde bereits im vergangenen Jahr die Vorbereitungen zu dem Verkauf mit den Schriftz\u00fcgen \u201eG\u00f6nser M\u00e4dche\u201c und \u201eG\u00f6nser Bub\u201c getroffen. Die ersten Besitzer freuten sich \u00fcber dieses Identifikationsmerkmal zu ihrer Region. <\/p>\n\n\n\n<p>\u201eEin tolles Zeichen, seine Verbundenheit zu zeigen, egal ob aus Kirch-G\u00f6ns, Pohl-G\u00f6ns, Ebersg\u00f6ns und Langg\u00f6ns\u201c, teilte Thorsten Metz vom IG-Werbeausschu\u00df gegen\u00fcber der BZ mit. Unter anderem werden auch T-Shirts und diverse Artikel mit dem Namenszug \u201eG\u00f6nser M\u00e4dche\u201c oder \u201eG\u00f6nser Bub\u201c zum Verkauf angeboten. Die Pullover sind in den Farben schwarz, grau und rosa erh\u00e4ltlich. Der Verkauf findet ab sofort statt. Ein kleiner Obolus vom Verkaufspreis wird in ein IG-Projekt investiert. <\/p>\n\n\n\n<p>Die \u00d6ffnungszeiten von Steffis Bastelvielfalt sind jeweils montags \u2013 freitags von 14.00 \u2013 18.00 Uhr, mittwochs geschlossen und jeden 1. Samstag im Monat von 11.00 \u2013 14.00 Uhr.<\/p>\n\n\n\n<p>Bild: Katja Schenck \/ Kirch-G\u00f6ns<\/p>\n\n\n\n<figure class=\"wp-block-image size-full is-resized\"><img loading=\"lazy\" decoding=\"async\" width=\"367\" height=\"367\" src=\"http:\/\/875jahrekirchgoens.de\/wp-content\/uploads\/2024\/03\/Goenser-Bub-Bild1.jpg\" alt=\"Auf der Aufnahme mit dem Hoodie \u201eG\u00f6nser M\u00e4dche\u201c und \u201eG\u00f6nser Bub\u201c v. l. Thorsten Metz (IG-Werbeausschu\u00df), Michael Tiedemann (IG-Vorsitzender), Steffi Henseling (Steffis Bastelvielfat) und Katja Schenk (IG-Werbeausschu\u00df). \" class=\"wp-image-15258\" style=\"width:464px;height:auto\" srcset=\"http:\/\/875jahrekirchgoens.de\/wp-content\/uploads\/2024\/03\/Goenser-Bub-Bild1.jpg 367w, http:\/\/875jahrekirchgoens.de\/wp-content\/uploads\/2024\/03\/Goenser-Bub-Bild1-300x300.jpg 300w, http:\/\/875jahrekirchgoens.de\/wp-content\/uploads\/2024\/03\/Goenser-Bub-Bild1-150x150.jpg 150w\" sizes=\"auto, (max-width: 367px) 100vw, 367px\" \/><\/figure>\n","protected":false},"excerpt":{"rendered":"<p>(Mz.) In Kooperation mit Steffis Bastelvielfalt in Kirch-G\u00f6ns (Hauptstra\u00dfe) und der Interessengemeinschaft Kirch-G\u00f6ns wird ab sofort der Hoodie \u201eG\u00f6nser M\u00e4dche\u201c und \u201eG\u00f6nser Bub\u201c der \u00d6ffentlichkeit angeboten. Die Idee zur Anfertigung der Kleidungsst\u00fccke stammt von Katja Schenk aus Kirch-G\u00f6ns und die Umsetzung von Steffi Henseling. Im Werbeausschuss zur 875 Jahrfeier im Jahre 2025 wurde bereits im &#8230; <a title=\"G\u00f6nser M\u00e4dche und G\u00f6nser Bub\" class=\"read-more\" href=\"http:\/\/875jahrekirchgoens.de\/?p=15257\" aria-label=\"Mehr Informationen \u00fcber G\u00f6nser M\u00e4dche und G\u00f6nser Bub\">Weiterlesen<\/a><\/p>\n","protected":false},"author":1,"featured_media":0,"comment_status":"closed","ping_status":"open","sticky":false,"template":"","format":"standard","meta":{"footnotes":""},"categories":[1],"tags":[],"class_list":["post-15257","post","type-post","status-publish","format-standard","hentry","category-infos"],"_links":{"self":[{"href":"http:\/\/875jahrekirchgoens.de\/index.php?rest_route=\/wp\/v2\/posts\/15257","targetHints":{"allow":["GET"]}}],"collection":[{"href":"http:\/\/875jahrekirchgoens.de\/index.php?rest_route=\/wp\/v2\/posts"}],"about":[{"href":"http:\/\/875jahrekirchgoens.de\/index.php?rest_route=\/wp\/v2\/types\/post"}],"author":[{"embeddable":true,"href":"http:\/\/875jahrekirchgoens.de\/index.php?rest_route=\/wp\/v2\/users\/1"}],"replies":[{"embeddable":true,"href":"http:\/\/875jahrekirchgoens.de\/index.php?rest_route=%2Fwp%2Fv2%2Fcomments&post=15257"}],"version-history":[{"count":1,"href":"http:\/\/875jahrekirchgoens.de\/index.php?rest_route=\/wp\/v2\/posts\/15257\/revisions"}],"predecessor-version":[{"id":15259,"href":"http:\/\/875jahrekirchgoens.de\/index.php?rest_route=\/wp\/v2\/posts\/15257\/revisions\/15259"}],"wp:attachment":[{"href":"http:\/\/875jahrekirchgoens.de\/index.php?rest_route=%2Fwp%2Fv2%2Fmedia&parent=15257"}],"wp:term":[{"taxonomy":"category","embeddable":true,"href":"http:\/\/875jahrekirchgoens.de\/index.php?rest_route=%2Fwp%2Fv2%2Fcategories&post=15257"},{"taxonomy":"post_tag","embeddable":true,"href":"http:\/\/875jahrekirchgoens.de\/index.php?rest_route=%2Fwp%2Fv2%2Ftags&post=15257"}],"curies":[{"name":"wp","href":"https:\/\/api.w.org\/{rel}","templated":true}]}}