{"id":15272,"date":"2024-04-08T10:34:55","date_gmt":"2024-04-08T10:34:55","guid":{"rendered":"http:\/\/875jahrekirchgoens.de\/?p=15272"},"modified":"2024-04-08T10:35:23","modified_gmt":"2024-04-08T10:35:23","slug":"vor-100-jahren-wurde-der-radfahrverein-wanderfalke-kirch-goens-gegruendet","status":"publish","type":"post","link":"http:\/\/875jahrekirchgoens.de\/?p=15272","title":{"rendered":"Vor 100 Jahren wurde der Radfahrverein Wanderfalke Kirch-G\u00f6ns gegr\u00fcndet"},"content":{"rendered":"\n<p><em>30j\u00e4hriges Bestehen 1954 &#8211; Aufl\u00f6sung des Vereins im Jahre 1959<\/em><\/p>\n\n\n\n<p>Im April 1924 wurde in der Gastst\u00e4tte M\u00fcller der Radfahrverein Wanderfalke Kirch-G\u00f6ns gegr\u00fcndet. Zum 1. Vorsitzenden wurde Wilhelm Kehr gew\u00e4hlt. Der Verein schloss sich 1923 dem Radfahrbund in Friedberg an. Im Jahre 1925 wurde ein Banner gekauft. Die Bannerweihe wurde 1926 mit einem gro\u00dfen Radfahrfest gefeiert. <\/p>\n\n\n\n<p>Im Rahmen der Gleichschaltung der Vereine nach 1933 wurde die Vereinsarbeit sehr erschwert. Nach Ausbruch des 2. Weltkrieges kam sie vollends zum Erliegen. Im M\u00e4rz 1951 wurde der Verein wiedergegr\u00fcndet. Er wurde beim Landessportbund Hessen und beim Bund Deutscher Radfahrer angemeldet. Zum 1. Vorsitzenden wurde Heinrich Rau gew\u00e4hlt, zum 2. Vorsitzenden Karl M\u00fcller. <\/p>\n\n\n\n<p>Besonders aktiv war der Verein Anfang der f\u00fcnfziger Jahre. Viele Veranstaltungen wurden durchgef\u00fchrt und solche von Nachbarvereinen besucht. Wander- und Preiskorsofahrten waren damals sehr beliebt. Im Jahre 1953 nahmen Heinz Watz und Willi Kromm an den Jugendbezirksmeisterschaften im Einer-Kunstradfahren teil. H\u00f6hepunkt des Vereinslebens dem 2. Weltkrieg war das gro\u00dfe Fest zum 30-j\u00e4hrigen Bestehen des Vereins vom 17.-19. Juli 1954, das mit der Bezirkswanderfahrt verbunden war. Nach diesem Fest wurde es ruhiger um den Verein, der schlie\u00dflich 1959 auf einer Mitgliederversammlung aufgel\u00f6st wurde.<\/p>\n\n\n\n<p>Bild: Emmi und Willi Pfl\u00fcger<\/p>\n\n\n\n<figure class=\"wp-block-image size-full\"><img loading=\"lazy\" decoding=\"async\" width=\"473\" height=\"287\" src=\"http:\/\/875jahrekirchgoens.de\/wp-content\/uploads\/2024\/04\/2024-30-jahre-wandern-Bild1.png\" alt=\"\" class=\"wp-image-15273\" srcset=\"http:\/\/875jahrekirchgoens.de\/wp-content\/uploads\/2024\/04\/2024-30-jahre-wandern-Bild1.png 473w, http:\/\/875jahrekirchgoens.de\/wp-content\/uploads\/2024\/04\/2024-30-jahre-wandern-Bild1-300x182.png 300w\" sizes=\"auto, (max-width: 473px) 100vw, 473px\" \/><figcaption class=\"wp-element-caption\">Fest zum 30-j\u00e4hrigen Bestehen des Radfahrvereins Wanderfalke im Jahre 1954. Von links: Richard Diehl, Heinz G\u00e4rtner. Willi Pfl\u00fcger, Gerhard Euler, Otto Jung, Heinrich R\u00fchl V., Reinhard Ohlemotz. Hans Jung. Georg Neumann, Heinz Watz. unbekannt, Wilfried Kromm, Franz Maier, Heinz Diehl, Wilhelm Fuchs, Hans Giehl, Karl Langsdorf, Otto Diehl, Heinrich Rau und Emil Weyel.<\/figcaption><\/figure>\n","protected":false},"excerpt":{"rendered":"<p>30j\u00e4hriges Bestehen 1954 &#8211; Aufl\u00f6sung des Vereins im Jahre 1959 Im April 1924 wurde in der Gastst\u00e4tte M\u00fcller der Radfahrverein Wanderfalke Kirch-G\u00f6ns gegr\u00fcndet. Zum 1. Vorsitzenden wurde Wilhelm Kehr gew\u00e4hlt. Der Verein schloss sich 1923 dem Radfahrbund in Friedberg an. Im Jahre 1925 wurde ein Banner gekauft. Die Bannerweihe wurde 1926 mit einem gro\u00dfen Radfahrfest &#8230; <a title=\"Vor 100 Jahren wurde der Radfahrverein Wanderfalke Kirch-G\u00f6ns gegr\u00fcndet\" class=\"read-more\" href=\"http:\/\/875jahrekirchgoens.de\/?p=15272\" aria-label=\"Mehr Informationen \u00fcber Vor 100 Jahren wurde der Radfahrverein Wanderfalke Kirch-G\u00f6ns gegr\u00fcndet\">Weiterlesen<\/a><\/p>\n","protected":false},"author":1,"featured_media":0,"comment_status":"closed","ping_status":"open","sticky":false,"template":"","format":"standard","meta":{"footnotes":""},"categories":[1],"tags":[],"class_list":["post-15272","post","type-post","status-publish","format-standard","hentry","category-infos"],"_links":{"self":[{"href":"http:\/\/875jahrekirchgoens.de\/index.php?rest_route=\/wp\/v2\/posts\/15272","targetHints":{"allow":["GET"]}}],"collection":[{"href":"http:\/\/875jahrekirchgoens.de\/index.php?rest_route=\/wp\/v2\/posts"}],"about":[{"href":"http:\/\/875jahrekirchgoens.de\/index.php?rest_route=\/wp\/v2\/types\/post"}],"author":[{"embeddable":true,"href":"http:\/\/875jahrekirchgoens.de\/index.php?rest_route=\/wp\/v2\/users\/1"}],"replies":[{"embeddable":true,"href":"http:\/\/875jahrekirchgoens.de\/index.php?rest_route=%2Fwp%2Fv2%2Fcomments&post=15272"}],"version-history":[{"count":2,"href":"http:\/\/875jahrekirchgoens.de\/index.php?rest_route=\/wp\/v2\/posts\/15272\/revisions"}],"predecessor-version":[{"id":15275,"href":"http:\/\/875jahrekirchgoens.de\/index.php?rest_route=\/wp\/v2\/posts\/15272\/revisions\/15275"}],"wp:attachment":[{"href":"http:\/\/875jahrekirchgoens.de\/index.php?rest_route=%2Fwp%2Fv2%2Fmedia&parent=15272"}],"wp:term":[{"taxonomy":"category","embeddable":true,"href":"http:\/\/875jahrekirchgoens.de\/index.php?rest_route=%2Fwp%2Fv2%2Fcategories&post=15272"},{"taxonomy":"post_tag","embeddable":true,"href":"http:\/\/875jahrekirchgoens.de\/index.php?rest_route=%2Fwp%2Fv2%2Ftags&post=15272"}],"curies":[{"name":"wp","href":"https:\/\/api.w.org\/{rel}","templated":true}]}}