{"id":15277,"date":"2024-04-03T10:36:24","date_gmt":"2024-04-03T10:36:24","guid":{"rendered":"http:\/\/875jahrekirchgoens.de\/?p=15277"},"modified":"2024-04-08T10:37:05","modified_gmt":"2024-04-08T10:37:05","slug":"jagdgenossen-tagen-am-freitag","status":"publish","type":"post","link":"http:\/\/875jahrekirchgoens.de\/?p=15277","title":{"rendered":"Jagdgenossen tagen am Freitag"},"content":{"rendered":"\n<p>Am Freitag, 5. April, findet um 20 Uhr die Jahreshauptversammlung der Jagdgenossenschaft im neuen Ger\u00e4tehaus Kirch-G\u00f6ns statt. Auf der Tagesordnung steht der Bericht des Vorstandes, die Verwendung des Jagdpachterl\u00f6ses sowie die Neufassung der Satzung. Zur Versammlung sind alle Jagdgenossen herzlich eingeladen.<\/p>\n\n\n\n<p>Quelle: Butzbacher Zeitung, 03.04.2024<\/p>\n\n\n\n<p>Quelle: Butzbacher Zeitung vom 3. April 2024<\/p>\n","protected":false},"excerpt":{"rendered":"<p>Am Freitag, 5. April, findet um 20 Uhr die Jahreshauptversammlung der Jagdgenossenschaft im neuen Ger\u00e4tehaus Kirch-G\u00f6ns statt. Auf der Tagesordnung steht der Bericht des Vorstandes, die Verwendung des Jagdpachterl\u00f6ses sowie die Neufassung der Satzung. Zur Versammlung sind alle Jagdgenossen herzlich eingeladen. Quelle: Butzbacher Zeitung, 03.04.2024 Quelle: Butzbacher Zeitung vom 3. April 2024<\/p>\n","protected":false},"author":1,"featured_media":0,"comment_status":"closed","ping_status":"open","sticky":false,"template":"","format":"standard","meta":{"footnotes":""},"categories":[1],"tags":[],"class_list":["post-15277","post","type-post","status-publish","format-standard","hentry","category-infos"],"_links":{"self":[{"href":"http:\/\/875jahrekirchgoens.de\/index.php?rest_route=\/wp\/v2\/posts\/15277","targetHints":{"allow":["GET"]}}],"collection":[{"href":"http:\/\/875jahrekirchgoens.de\/index.php?rest_route=\/wp\/v2\/posts"}],"about":[{"href":"http:\/\/875jahrekirchgoens.de\/index.php?rest_route=\/wp\/v2\/types\/post"}],"author":[{"embeddable":true,"href":"http:\/\/875jahrekirchgoens.de\/index.php?rest_route=\/wp\/v2\/users\/1"}],"replies":[{"embeddable":true,"href":"http:\/\/875jahrekirchgoens.de\/index.php?rest_route=%2Fwp%2Fv2%2Fcomments&post=15277"}],"version-history":[{"count":1,"href":"http:\/\/875jahrekirchgoens.de\/index.php?rest_route=\/wp\/v2\/posts\/15277\/revisions"}],"predecessor-version":[{"id":15278,"href":"http:\/\/875jahrekirchgoens.de\/index.php?rest_route=\/wp\/v2\/posts\/15277\/revisions\/15278"}],"wp:attachment":[{"href":"http:\/\/875jahrekirchgoens.de\/index.php?rest_route=%2Fwp%2Fv2%2Fmedia&parent=15277"}],"wp:term":[{"taxonomy":"category","embeddable":true,"href":"http:\/\/875jahrekirchgoens.de\/index.php?rest_route=%2Fwp%2Fv2%2Fcategories&post=15277"},{"taxonomy":"post_tag","embeddable":true,"href":"http:\/\/875jahrekirchgoens.de\/index.php?rest_route=%2Fwp%2Fv2%2Ftags&post=15277"}],"curies":[{"name":"wp","href":"https:\/\/api.w.org\/{rel}","templated":true}]}}