{"id":15280,"date":"2024-04-03T10:37:45","date_gmt":"2024-04-03T10:37:45","guid":{"rendered":"http:\/\/875jahrekirchgoens.de\/?p=15280"},"modified":"2024-04-08T10:38:24","modified_gmt":"2024-04-08T10:38:24","slug":"fanfarenzug-reicht-handkaese","status":"publish","type":"post","link":"http:\/\/875jahrekirchgoens.de\/?p=15280","title":{"rendered":"Fanfarenzug reicht Handk\u00e4se"},"content":{"rendered":"\n<p>Der ehemalige Fanfarenzug der Freiwilligen Feuerwehr Kirch-G\u00f6ns trifft sich diesen Donnerstag, 4. April, um 18.30 Uhr zur \u00dcbungsstunde im B\u00fcrgerhaus. Im Anschluss wird als Imbiss die hessische Spezialit\u00e4t Handk\u00e4se mit Musik angeboten.<\/p>\n\n\n\n<p>Quelle: Butzbacher Zeitung, 03.04.2024<\/p>\n\n\n\n<p>Quelle: Butzbacher Zeitung vom 3. April 2024<\/p>\n","protected":false},"excerpt":{"rendered":"<p>Der ehemalige Fanfarenzug der Freiwilligen Feuerwehr Kirch-G\u00f6ns trifft sich diesen Donnerstag, 4. April, um 18.30 Uhr zur \u00dcbungsstunde im B\u00fcrgerhaus. Im Anschluss wird als Imbiss die hessische Spezialit\u00e4t Handk\u00e4se mit Musik angeboten. Quelle: Butzbacher Zeitung, 03.04.2024 Quelle: Butzbacher Zeitung vom 3. April 2024<\/p>\n","protected":false},"author":1,"featured_media":0,"comment_status":"closed","ping_status":"open","sticky":false,"template":"","format":"standard","meta":{"footnotes":""},"categories":[1],"tags":[],"class_list":["post-15280","post","type-post","status-publish","format-standard","hentry","category-infos"],"_links":{"self":[{"href":"http:\/\/875jahrekirchgoens.de\/index.php?rest_route=\/wp\/v2\/posts\/15280","targetHints":{"allow":["GET"]}}],"collection":[{"href":"http:\/\/875jahrekirchgoens.de\/index.php?rest_route=\/wp\/v2\/posts"}],"about":[{"href":"http:\/\/875jahrekirchgoens.de\/index.php?rest_route=\/wp\/v2\/types\/post"}],"author":[{"embeddable":true,"href":"http:\/\/875jahrekirchgoens.de\/index.php?rest_route=\/wp\/v2\/users\/1"}],"replies":[{"embeddable":true,"href":"http:\/\/875jahrekirchgoens.de\/index.php?rest_route=%2Fwp%2Fv2%2Fcomments&post=15280"}],"version-history":[{"count":1,"href":"http:\/\/875jahrekirchgoens.de\/index.php?rest_route=\/wp\/v2\/posts\/15280\/revisions"}],"predecessor-version":[{"id":15281,"href":"http:\/\/875jahrekirchgoens.de\/index.php?rest_route=\/wp\/v2\/posts\/15280\/revisions\/15281"}],"wp:attachment":[{"href":"http:\/\/875jahrekirchgoens.de\/index.php?rest_route=%2Fwp%2Fv2%2Fmedia&parent=15280"}],"wp:term":[{"taxonomy":"category","embeddable":true,"href":"http:\/\/875jahrekirchgoens.de\/index.php?rest_route=%2Fwp%2Fv2%2Fcategories&post=15280"},{"taxonomy":"post_tag","embeddable":true,"href":"http:\/\/875jahrekirchgoens.de\/index.php?rest_route=%2Fwp%2Fv2%2Ftags&post=15280"}],"curies":[{"name":"wp","href":"https:\/\/api.w.org\/{rel}","templated":true}]}}