{"id":15283,"date":"2024-03-23T10:40:46","date_gmt":"2024-03-23T10:40:46","guid":{"rendered":"http:\/\/875jahrekirchgoens.de\/?p=15283"},"modified":"2024-04-08T10:43:15","modified_gmt":"2024-04-08T10:43:15","slug":"gedenken-an-verstorbene-saenger","status":"publish","type":"post","link":"http:\/\/875jahrekirchgoens.de\/?p=15283","title":{"rendered":"Gedenken an verstorbene S\u00e4nger"},"content":{"rendered":"\n<p>Vor Beginn der Jahreshauptversammlung des Gesangvereins 1862 Kirch\u00ad G\u00f6ns trafen sich die aktiven S\u00e4ngerinnen und S\u00e4nger auf dem Friedhof, um der verstorbenen Mitglieder der Jahre 2020, ab Beginn der Pandemie, bis 2023 zu gedenken. Das berichtet der Verein. <\/p>\n\n\n\n<p>Da ein letztes St\u00e4ndchen zu Ehren der Verstorbenen in dieser Zeit zumeist nicht m\u00f6glich war, wurde auf diesem Weg der langj\u00e4hrigen Mitglieder, aktiven und passiven S\u00e4ngerinnen und S\u00e4nger gedacht. Familienangeh\u00f6rige waren eingeladen, daran teilzunehmen. In drei Bereichen des Friedhofs erinnerte die Vorsitzende Claudia Laiacker an jede Verstorbene, jeden Verstorbenen, berichtete von der Zugeh\u00f6rigkeit, Verbundenheit und die Dauer der Mitgliedschaft im Gesangverein. <\/p>\n\n\n\n<p>Pfarrer David Lieder unterst\u00fctzte und begr\u00fc\u00dfte diese Art des Gedenkens und fand passende Worte. Er sprach an jedem der drei Orte ein Gebet. Am Ende sangen die anwesenden S\u00e4ngerinnen und S\u00e4nger f\u00fcr alle ein letztes St\u00e4ndchen, mit einem Lied aus Taiz\u00e9, dem irischen Reisesegen, dem Gospel des Gospelchors und mit Guten Abend, gute Nacht, verabschiedeten sie sich dieses letzte Mal von den verstorbenen Mitgliedern.<\/p>\n\n\n\n<p>Quelle und Bild: Butzbacher Zeitung 23.03.2024<\/p>\n\n\n\n<figure class=\"wp-block-image size-full\"><img loading=\"lazy\" decoding=\"async\" width=\"321\" height=\"224\" src=\"http:\/\/875jahrekirchgoens.de\/wp-content\/uploads\/2024\/04\/2024-gedenken-Bild1.jpg\" alt=\"\" class=\"wp-image-15284\" srcset=\"http:\/\/875jahrekirchgoens.de\/wp-content\/uploads\/2024\/04\/2024-gedenken-Bild1.jpg 321w, http:\/\/875jahrekirchgoens.de\/wp-content\/uploads\/2024\/04\/2024-gedenken-Bild1-300x209.jpg 300w\" sizes=\"auto, (max-width: 321px) 100vw, 321px\" \/><figcaption class=\"wp-element-caption\">Der Gesangverein 1862 Kirch-G\u00f6ns ehrt seine verstorbenen Mitglieder<\/figcaption><\/figure>\n\n\n\n<p>Pfarrer David Lieder unterst\u00fctzte und begr\u00fc\u00dfte diese Art des Gedenkens und fand passende Worte. Er sprach an jedem der drei Orte ein Gebet. Am Ende sangen die anwesenden S\u00e4ngerinnen und S\u00e4nger f\u00fcr alle ein letztes St\u00e4ndchen, mit einem Lied aus Taiz\u00e9, dem irischen Reisesegen, dem Gospel des Gospelchors und mit Guten Abend, gute Nacht, verabschiedeten sie sich dieses letzte Mal von den verstorbenen Mitgliedern.<\/p>\n","protected":false},"excerpt":{"rendered":"<p>Vor Beginn der Jahreshauptversammlung des Gesangvereins 1862 Kirch\u00ad G\u00f6ns trafen sich die aktiven S\u00e4ngerinnen und S\u00e4nger auf dem Friedhof, um der verstorbenen Mitglieder der Jahre 2020, ab Beginn der Pandemie, bis 2023 zu gedenken. Das berichtet der Verein. Da ein letztes St\u00e4ndchen zu Ehren der Verstorbenen in dieser Zeit zumeist nicht m\u00f6glich war, wurde auf &#8230; <a title=\"Gedenken an verstorbene S\u00e4nger\" class=\"read-more\" href=\"http:\/\/875jahrekirchgoens.de\/?p=15283\" aria-label=\"Mehr Informationen \u00fcber Gedenken an verstorbene S\u00e4nger\">Weiterlesen<\/a><\/p>\n","protected":false},"author":1,"featured_media":0,"comment_status":"closed","ping_status":"open","sticky":false,"template":"","format":"standard","meta":{"footnotes":""},"categories":[1],"tags":[],"class_list":["post-15283","post","type-post","status-publish","format-standard","hentry","category-infos"],"_links":{"self":[{"href":"http:\/\/875jahrekirchgoens.de\/index.php?rest_route=\/wp\/v2\/posts\/15283","targetHints":{"allow":["GET"]}}],"collection":[{"href":"http:\/\/875jahrekirchgoens.de\/index.php?rest_route=\/wp\/v2\/posts"}],"about":[{"href":"http:\/\/875jahrekirchgoens.de\/index.php?rest_route=\/wp\/v2\/types\/post"}],"author":[{"embeddable":true,"href":"http:\/\/875jahrekirchgoens.de\/index.php?rest_route=\/wp\/v2\/users\/1"}],"replies":[{"embeddable":true,"href":"http:\/\/875jahrekirchgoens.de\/index.php?rest_route=%2Fwp%2Fv2%2Fcomments&post=15283"}],"version-history":[{"count":1,"href":"http:\/\/875jahrekirchgoens.de\/index.php?rest_route=\/wp\/v2\/posts\/15283\/revisions"}],"predecessor-version":[{"id":15285,"href":"http:\/\/875jahrekirchgoens.de\/index.php?rest_route=\/wp\/v2\/posts\/15283\/revisions\/15285"}],"wp:attachment":[{"href":"http:\/\/875jahrekirchgoens.de\/index.php?rest_route=%2Fwp%2Fv2%2Fmedia&parent=15283"}],"wp:term":[{"taxonomy":"category","embeddable":true,"href":"http:\/\/875jahrekirchgoens.de\/index.php?rest_route=%2Fwp%2Fv2%2Fcategories&post=15283"},{"taxonomy":"post_tag","embeddable":true,"href":"http:\/\/875jahrekirchgoens.de\/index.php?rest_route=%2Fwp%2Fv2%2Ftags&post=15283"}],"curies":[{"name":"wp","href":"https:\/\/api.w.org\/{rel}","templated":true}]}}