{"id":15288,"date":"2024-03-26T11:01:45","date_gmt":"2024-03-26T11:01:45","guid":{"rendered":"http:\/\/875jahrekirchgoens.de\/?p=15288"},"modified":"2024-04-08T11:02:34","modified_gmt":"2024-04-08T11:02:34","slug":"goenser-schule-foerderverein-tagt","status":"publish","type":"post","link":"http:\/\/875jahrekirchgoens.de\/?p=15288","title":{"rendered":"G\u00f6nser-Schule \u2013 F\u00f6rderverein tagt"},"content":{"rendered":"\n<p>Am Freitag, 26. April, 18 Uhr, findet in der Gastst\u00e4tte Altes Pfarrhaus, Pohl-G\u00f6ns, die Jahreshauptversammlung des F\u00f6rdervereins der G\u00f6nser-Grund-Schule statt. Die Tagesordnung wird unter <a href=\"http:\/\/www.foerderverein-ggs.org\/\">www.foerderverein-ggs.org<\/a> in K\u00fcrze ver\u00f6ffentlicht.<\/p>\n\n\n\n<p>Quelle: Butzbacher Zeitung 26.03.2024<\/p>\n\n\n\n<p>Quelle: Butzbacher Zeitung vom 26. M\u00e4rz 2024<\/p>\n","protected":false},"excerpt":{"rendered":"<p>Am Freitag, 26. April, 18 Uhr, findet in der Gastst\u00e4tte Altes Pfarrhaus, Pohl-G\u00f6ns, die Jahreshauptversammlung des F\u00f6rdervereins der G\u00f6nser-Grund-Schule statt. Die Tagesordnung wird unter www.foerderverein-ggs.org in K\u00fcrze ver\u00f6ffentlicht. Quelle: Butzbacher Zeitung 26.03.2024 Quelle: Butzbacher Zeitung vom 26. M\u00e4rz 2024<\/p>\n","protected":false},"author":1,"featured_media":0,"comment_status":"closed","ping_status":"open","sticky":false,"template":"","format":"standard","meta":{"footnotes":""},"categories":[1],"tags":[],"class_list":["post-15288","post","type-post","status-publish","format-standard","hentry","category-infos"],"_links":{"self":[{"href":"http:\/\/875jahrekirchgoens.de\/index.php?rest_route=\/wp\/v2\/posts\/15288","targetHints":{"allow":["GET"]}}],"collection":[{"href":"http:\/\/875jahrekirchgoens.de\/index.php?rest_route=\/wp\/v2\/posts"}],"about":[{"href":"http:\/\/875jahrekirchgoens.de\/index.php?rest_route=\/wp\/v2\/types\/post"}],"author":[{"embeddable":true,"href":"http:\/\/875jahrekirchgoens.de\/index.php?rest_route=\/wp\/v2\/users\/1"}],"replies":[{"embeddable":true,"href":"http:\/\/875jahrekirchgoens.de\/index.php?rest_route=%2Fwp%2Fv2%2Fcomments&post=15288"}],"version-history":[{"count":1,"href":"http:\/\/875jahrekirchgoens.de\/index.php?rest_route=\/wp\/v2\/posts\/15288\/revisions"}],"predecessor-version":[{"id":15289,"href":"http:\/\/875jahrekirchgoens.de\/index.php?rest_route=\/wp\/v2\/posts\/15288\/revisions\/15289"}],"wp:attachment":[{"href":"http:\/\/875jahrekirchgoens.de\/index.php?rest_route=%2Fwp%2Fv2%2Fmedia&parent=15288"}],"wp:term":[{"taxonomy":"category","embeddable":true,"href":"http:\/\/875jahrekirchgoens.de\/index.php?rest_route=%2Fwp%2Fv2%2Fcategories&post=15288"},{"taxonomy":"post_tag","embeddable":true,"href":"http:\/\/875jahrekirchgoens.de\/index.php?rest_route=%2Fwp%2Fv2%2Ftags&post=15288"}],"curies":[{"name":"wp","href":"https:\/\/api.w.org\/{rel}","templated":true}]}}