{"id":15291,"date":"2024-03-26T11:03:10","date_gmt":"2024-03-26T11:03:10","guid":{"rendered":"http:\/\/875jahrekirchgoens.de\/?p=15291"},"modified":"2024-04-08T11:03:51","modified_gmt":"2024-04-08T11:03:51","slug":"abc-club-feiert-25-jaehriges","status":"publish","type":"post","link":"http:\/\/875jahrekirchgoens.de\/?p=15291","title":{"rendered":"ABC-Club feiert 25-j\u00e4hriges"},"content":{"rendered":"\n<p>Im M\u00e4rz 1999 wurde der ABC-Club zur Betreuung der Kinder der G\u00f6nser-Grund-Schule von Eltern gegr\u00fcndet. Man freue sich \u00fcber stetiges Wachstum, \u00b7neue Herausforderungen und auf weitere viele Jahre. Das wird am Freitag, 7. Juni, ab 15 Uhr auf dem Schulgel\u00e4nde der Grundschule mit Mitmachaktionen, Getr\u00e4nken und Snacks gefeiert: Eingeladen sind aktuelle Abc-Club-Kinder, ehemalige Vorstandsmitglieder, Erzieher und Mitarbeiter.<\/p>\n\n\n\n<p>Quelle: Butzbacher Zeitung vom 26. M\u00e4rz 2024<\/p>\n","protected":false},"excerpt":{"rendered":"<p>Im M\u00e4rz 1999 wurde der ABC-Club zur Betreuung der Kinder der G\u00f6nser-Grund-Schule von Eltern gegr\u00fcndet. Man freue sich \u00fcber stetiges Wachstum, \u00b7neue Herausforderungen und auf weitere viele Jahre. Das wird am Freitag, 7. Juni, ab 15 Uhr auf dem Schulgel\u00e4nde der Grundschule mit Mitmachaktionen, Getr\u00e4nken und Snacks gefeiert: Eingeladen sind aktuelle Abc-Club-Kinder, ehemalige Vorstandsmitglieder, Erzieher &#8230; <a title=\"ABC-Club feiert 25-j\u00e4hriges\" class=\"read-more\" href=\"http:\/\/875jahrekirchgoens.de\/?p=15291\" aria-label=\"Mehr Informationen \u00fcber ABC-Club feiert 25-j\u00e4hriges\">Weiterlesen<\/a><\/p>\n","protected":false},"author":1,"featured_media":0,"comment_status":"closed","ping_status":"open","sticky":false,"template":"","format":"standard","meta":{"footnotes":""},"categories":[1],"tags":[],"class_list":["post-15291","post","type-post","status-publish","format-standard","hentry","category-infos"],"_links":{"self":[{"href":"http:\/\/875jahrekirchgoens.de\/index.php?rest_route=\/wp\/v2\/posts\/15291","targetHints":{"allow":["GET"]}}],"collection":[{"href":"http:\/\/875jahrekirchgoens.de\/index.php?rest_route=\/wp\/v2\/posts"}],"about":[{"href":"http:\/\/875jahrekirchgoens.de\/index.php?rest_route=\/wp\/v2\/types\/post"}],"author":[{"embeddable":true,"href":"http:\/\/875jahrekirchgoens.de\/index.php?rest_route=\/wp\/v2\/users\/1"}],"replies":[{"embeddable":true,"href":"http:\/\/875jahrekirchgoens.de\/index.php?rest_route=%2Fwp%2Fv2%2Fcomments&post=15291"}],"version-history":[{"count":1,"href":"http:\/\/875jahrekirchgoens.de\/index.php?rest_route=\/wp\/v2\/posts\/15291\/revisions"}],"predecessor-version":[{"id":15292,"href":"http:\/\/875jahrekirchgoens.de\/index.php?rest_route=\/wp\/v2\/posts\/15291\/revisions\/15292"}],"wp:attachment":[{"href":"http:\/\/875jahrekirchgoens.de\/index.php?rest_route=%2Fwp%2Fv2%2Fmedia&parent=15291"}],"wp:term":[{"taxonomy":"category","embeddable":true,"href":"http:\/\/875jahrekirchgoens.de\/index.php?rest_route=%2Fwp%2Fv2%2Fcategories&post=15291"},{"taxonomy":"post_tag","embeddable":true,"href":"http:\/\/875jahrekirchgoens.de\/index.php?rest_route=%2Fwp%2Fv2%2Ftags&post=15291"}],"curies":[{"name":"wp","href":"https:\/\/api.w.org\/{rel}","templated":true}]}}