{"id":15295,"date":"2011-09-08T11:05:00","date_gmt":"2011-09-08T11:05:00","guid":{"rendered":"http:\/\/875jahrekirchgoens.de\/?p=15295"},"modified":"2024-04-08T11:07:32","modified_gmt":"2024-04-08T11:07:32","slug":"in-der-schmalbach-sind-schon-sieben-bauplaetze-so-gut-wie-verkauft","status":"publish","type":"post","link":"http:\/\/875jahrekirchgoens.de\/?p=15295","title":{"rendered":"In der Schmalbach sind schon sieben Baupl\u00e4tze so gut wie verkauft"},"content":{"rendered":"\n<p><em>Erschlie\u00dfungsarbeiten <\/em><em>in Kirch-G\u00f6ns haben begonnen\/28 Grundst\u00fccke stehen zur Verf\u00fcgung<\/em><\/p>\n\n\n\n<p>Die Arbeiten zur Erschlie\u00dfung des Neubaugebietes \u201eIn der Schmalbach&#8220; in Kirch-G\u00f6ns haben begonnen. Gestern machten sich B\u00fcrgermeister Michael Merle und Erster Stadtrat Manfred Sch\u00fctz auf der Baustelle ein Bild von der Situation und der genauen Planung. 28 Baupl\u00e4tze entstehen im Gel\u00e4ndedreieck zwischen Bahnhofstra\u00dfe, Gartenstra\u00dfe und dem Kindergarten. <\/p>\n\n\n\n<p>Schon vor 15 Jahren habe man die Idee gehabt, die jetzige Fl\u00e4che f\u00fcr Neubauten zur Verf\u00fcgung zu stellen. Nach Aussage von B\u00fcrgern, die sich zum Termin hinzugesellten, sei dies unter anderem an der Frage der Verkehrsanbindung gescheitert. \u00d6stlich vom Ort Kirch-G\u00f6ns und s\u00fcdlich der Zufahrtsstra\u00dfe zum Haltepunkt der Bahn an der Strecke Frankfurt-Gie\u00dfen erstreckt sich das Baugebiet auf einer Bruttofl\u00e4che von gut 18 800 Quadratmetern. F\u00fcr Baupl\u00e4tze stehen 14800 Quadratmeter zur Verf\u00fcgung. Jetzt wird das Areal mit einer Baustra\u00dfe, die bis Ende November fertig sein soll, und den notwendigen Ver- und Entsorgungsleitungen wie Gas, Wasser und Kanalisation versehen. <\/p>\n\n\n\n<p>Das neue Baugebiet erh\u00e4lt eine innenliegende Ringstra\u00dfe. Wie Helmut Hankel und Otmar Rees, von der st\u00e4dtischen Wirtschaftsf\u00f6rderung beim Ortstermin mitteilten, hat es schon f\u00fcr sieben Grundst\u00fccke erfolgreiche Verkaufsgespr\u00e4che gegeben, obwohl die Baupl\u00e4tze noch gar nicht \u00f6ffentlich angeboten wurden. Jetzt muss nur noch die Stadtverordnetenversammlung den sieben Vertr\u00e4gen zustimmen. Der Quadratmeterpreis betr\u00e4gt l45 Euro. Beim Kauf erhalten Interessenten f\u00fcnf Prozent Rabatt pro Kind unter 18 Jahren. B\u00fcrgermeister Merle erl\u00e4uterte die Vorz\u00fcge des Baugebietes, das unmittelbar an den unbebaubaren s\u00fcdlichen Feldrand grenzt. Zus\u00e4tzlich wurde im Baugebiet an der s\u00fcdwestlichen Ecke etwa gegen\u00fcber vom Kindergarten eine Fl\u00e4che freigehalten, auf der ein Kinderspielplatz entsteht. Er ist der Ersatz f\u00fcr die Anlage in der Gartenstra\u00dfe. Seit Gr\u00fcndung der Stabsstelle Wirtschaftsf\u00f6rderung im Jahr 2008 haben die Grundst\u00fccksverk\u00e4ufe stetig zugenommen&#8220;, erkl\u00e4rte Merle. Besonders die starke Zunahme der Verk\u00e4ufe in den vergangenen Monaten habe eindrucksvoll gezeigt, wie begehrt Baupl\u00e4tze in Butzbach sind. Das Baugebiet \u201eIn der Schmalbach\u201c rundet das vielseitige st\u00e4dtische Angebot an attraktiven Wohnbaufl\u00e4chen ab&#8220;, ist sich Merle sicher. <\/p>\n\n\n\n<p>Als Bindeglied zwischen den Regionen Rhein-Main und Mittelhessen habe sich Butzbach in den vergangenen Jahren zu einem gefragten Wohn- und Gesch\u00e4ftsstandort entwickelt. Die Fl\u00e4che des Allgemeinen Wohngebietes wurde bisher \u00fcberwiegend als Gr\u00fcnland sowie f\u00fcr landwirtschaftliche Zwecke genutzt. Au\u00dferdem standen dort B\u00e4ume, von denen zun\u00e4chst noch eine Hand\u00ad voll Obstb\u00e4ume stehengeblieben sind. Ein Thema, das auch die Stadtverordneten bei der Planungsdiskussion besch\u00e4ftigte, war die Anlage des Kleintierzuchtvereins, die inzwischen verlegt wurde. <\/p>\n\n\n\n<p>Daf\u00fcr wurde im gleichen Schritt der Bebauungsplan \u201eGartengebiet- Unter dem Schlag\/Am Himmerich&#8220; ge\u00e4ndert. Sobald die Baustra\u00dfe fertig ist, kann mit den weiteren Arbeiten begonnen werden, so dass je nach Wetterlage ab Dezember gebaut werden kann. Sp\u00e4testens im Fr\u00fchjahr sollen die neuen Grundst\u00fcckseigent\u00fcmer dann auch anfangen k\u00f6nnen. Die einzelnen Baupl\u00e4tze sind im Schnitt 500 Quadratmeter gro\u00df, Eck-Grundst\u00fccke teils etwas gr\u00f6\u00dfer.<\/p>\n\n\n\n<p>Quelle und Bild: Butzbacher Zeitung vom 22. September 2011<\/p>\n\n\n\n<figure class=\"wp-block-image size-full\"><img loading=\"lazy\" decoding=\"async\" width=\"159\" height=\"113\" src=\"http:\/\/875jahrekirchgoens.de\/wp-content\/uploads\/2024\/04\/schmalbach-Bild1.png\" alt=\"\" class=\"wp-image-15294\"\/><figcaption class=\"wp-element-caption\">Die Erschlie\u00dfungsarbeiten im Kirch-G\u00f6nser Baugebiet \u201eIn der Schmalbach&#8220; schreiten voran. Ende November soll die Baustra\u00dfe fertig sein.<\/figcaption><\/figure>\n","protected":false},"excerpt":{"rendered":"<p>Erschlie\u00dfungsarbeiten in Kirch-G\u00f6ns haben begonnen\/28 Grundst\u00fccke stehen zur Verf\u00fcgung Die Arbeiten zur Erschlie\u00dfung des Neubaugebietes \u201eIn der Schmalbach&#8220; in Kirch-G\u00f6ns haben begonnen. Gestern machten sich B\u00fcrgermeister Michael Merle und Erster Stadtrat Manfred Sch\u00fctz auf der Baustelle ein Bild von der Situation und der genauen Planung. 28 Baupl\u00e4tze entstehen im Gel\u00e4ndedreieck zwischen Bahnhofstra\u00dfe, Gartenstra\u00dfe und dem &#8230; <a title=\"In der Schmalbach sind schon sieben Baupl\u00e4tze so gut wie verkauft\" class=\"read-more\" href=\"http:\/\/875jahrekirchgoens.de\/?p=15295\" aria-label=\"Mehr Informationen \u00fcber In der Schmalbach sind schon sieben Baupl\u00e4tze so gut wie verkauft\">Weiterlesen<\/a><\/p>\n","protected":false},"author":1,"featured_media":0,"comment_status":"closed","ping_status":"open","sticky":false,"template":"","format":"standard","meta":{"footnotes":""},"categories":[1],"tags":[],"class_list":["post-15295","post","type-post","status-publish","format-standard","hentry","category-infos"],"_links":{"self":[{"href":"http:\/\/875jahrekirchgoens.de\/index.php?rest_route=\/wp\/v2\/posts\/15295","targetHints":{"allow":["GET"]}}],"collection":[{"href":"http:\/\/875jahrekirchgoens.de\/index.php?rest_route=\/wp\/v2\/posts"}],"about":[{"href":"http:\/\/875jahrekirchgoens.de\/index.php?rest_route=\/wp\/v2\/types\/post"}],"author":[{"embeddable":true,"href":"http:\/\/875jahrekirchgoens.de\/index.php?rest_route=\/wp\/v2\/users\/1"}],"replies":[{"embeddable":true,"href":"http:\/\/875jahrekirchgoens.de\/index.php?rest_route=%2Fwp%2Fv2%2Fcomments&post=15295"}],"version-history":[{"count":1,"href":"http:\/\/875jahrekirchgoens.de\/index.php?rest_route=\/wp\/v2\/posts\/15295\/revisions"}],"predecessor-version":[{"id":15296,"href":"http:\/\/875jahrekirchgoens.de\/index.php?rest_route=\/wp\/v2\/posts\/15295\/revisions\/15296"}],"wp:attachment":[{"href":"http:\/\/875jahrekirchgoens.de\/index.php?rest_route=%2Fwp%2Fv2%2Fmedia&parent=15295"}],"wp:term":[{"taxonomy":"category","embeddable":true,"href":"http:\/\/875jahrekirchgoens.de\/index.php?rest_route=%2Fwp%2Fv2%2Fcategories&post=15295"},{"taxonomy":"post_tag","embeddable":true,"href":"http:\/\/875jahrekirchgoens.de\/index.php?rest_route=%2Fwp%2Fv2%2Ftags&post=15295"}],"curies":[{"name":"wp","href":"https:\/\/api.w.org\/{rel}","templated":true}]}}