{"id":15298,"date":"2010-02-19T11:09:00","date_gmt":"2010-02-19T11:09:00","guid":{"rendered":"http:\/\/875jahrekirchgoens.de\/?p=15298"},"modified":"2024-04-08T11:11:26","modified_gmt":"2024-04-08T11:11:26","slug":"an-fastnacht-2770-euro-fuer-kirchensanierung-gesammelt","status":"publish","type":"post","link":"http:\/\/875jahrekirchgoens.de\/?p=15298","title":{"rendered":"An Fastnacht 2770 Euro f\u00fcr Kirchensanierung gesammelt"},"content":{"rendered":"\n<p>Fastnachtsdienstag hatten sich \u2013 wie schon im Vorjahr \u2013 einige Sammler eingefunden, um f\u00fcr die Au\u00dfenrenovierung der Kirch-G\u00f6nser Kirche Spenden zu bekommen. Dabei kam die stolze Summe von 2.770 Euro zusammen. <\/p>\n\n\n\n<p>Nach einem kr\u00e4ftigen Fr\u00fchst\u00fcck, dem Anziehen der Kost\u00fcme und dem Schminken durch die fachkundigen H\u00e4nde von Iris Klarner, Betty und Jennifer Menk machten sie sich auf den Weg durch ganz Kirch\u00adG\u00f6ns. Selbstverst\u00e4ndlich war, dass \u00a0nicht in allen H\u00e4usern jemand angetroffen werden konnte. Beteiligt waren: Heidrun Diehl, Sabine Lex, Gerlinde Wilhelm, Klaus Dieter Herbel, Edgar Becker, Helmut Ceh, Willi Calling, Kurt Schwarzer, Florian Ilge, der die Gruppe auf dem Akkordeon begleitete, und Pfarrer William Thum. <\/p>\n\n\n\n<p>Abends um 21.00 Uhr trafen dann alle wohlbehalten im Gemeindehaus ein, wo sich dann mit dem eingesammelten Eiern und Speck gest\u00e4rkt wurde. Die Kirchenvorsteherinnen Doris Nern und Ingrid Herbel brauchten eine ganze Weile, bis sie gez\u00e4hlt hatten und das Sammelergebnis nicht nur bei weitem das Sammlungsergebnis vom Vorjahr (es waren damals 1.500 \u20ac), sondern auch die Erwartungen aller Beteiligten. Es kam die stolze Summe von 2.770 \u20ac zusammen. Der Kirchenvorstand bedankt sich bei allen Spenderinnen und Spendern f\u00fcr ihre Gro\u00dfz\u00fcgigkeit.<\/p>\n\n\n\n<p>Quelle und Bild: Butzbacher Zeitung vom 19. Februar 2010<\/p>\n\n\n\n<figure class=\"wp-block-image size-full\"><img loading=\"lazy\" decoding=\"async\" width=\"295\" height=\"218\" src=\"http:\/\/875jahrekirchgoens.de\/wp-content\/uploads\/2024\/04\/2010-Fasching-Bild1.png\" alt=\"\" class=\"wp-image-15299\"\/><figcaption class=\"wp-element-caption\">Sehr erfolgreich verlief wieder die Fastnachtssammlung f\u00fcr die Renovierung der Kirch-G\u00f6nser Kirche, denn exakt 2770 Euro kamen zusammen. Das Foto zeigt die erfolgreichen Sammler.<\/figcaption><\/figure>\n","protected":false},"excerpt":{"rendered":"<p>Fastnachtsdienstag hatten sich \u2013 wie schon im Vorjahr \u2013 einige Sammler eingefunden, um f\u00fcr die Au\u00dfenrenovierung der Kirch-G\u00f6nser Kirche Spenden zu bekommen. Dabei kam die stolze Summe von 2.770 Euro zusammen. Nach einem kr\u00e4ftigen Fr\u00fchst\u00fcck, dem Anziehen der Kost\u00fcme und dem Schminken durch die fachkundigen H\u00e4nde von Iris Klarner, Betty und Jennifer Menk machten sie &#8230; <a title=\"An Fastnacht 2770 Euro f\u00fcr Kirchensanierung gesammelt\" class=\"read-more\" href=\"http:\/\/875jahrekirchgoens.de\/?p=15298\" aria-label=\"Mehr Informationen \u00fcber An Fastnacht 2770 Euro f\u00fcr Kirchensanierung gesammelt\">Weiterlesen<\/a><\/p>\n","protected":false},"author":1,"featured_media":0,"comment_status":"closed","ping_status":"open","sticky":false,"template":"","format":"standard","meta":{"footnotes":""},"categories":[1],"tags":[],"class_list":["post-15298","post","type-post","status-publish","format-standard","hentry","category-infos"],"_links":{"self":[{"href":"http:\/\/875jahrekirchgoens.de\/index.php?rest_route=\/wp\/v2\/posts\/15298","targetHints":{"allow":["GET"]}}],"collection":[{"href":"http:\/\/875jahrekirchgoens.de\/index.php?rest_route=\/wp\/v2\/posts"}],"about":[{"href":"http:\/\/875jahrekirchgoens.de\/index.php?rest_route=\/wp\/v2\/types\/post"}],"author":[{"embeddable":true,"href":"http:\/\/875jahrekirchgoens.de\/index.php?rest_route=\/wp\/v2\/users\/1"}],"replies":[{"embeddable":true,"href":"http:\/\/875jahrekirchgoens.de\/index.php?rest_route=%2Fwp%2Fv2%2Fcomments&post=15298"}],"version-history":[{"count":1,"href":"http:\/\/875jahrekirchgoens.de\/index.php?rest_route=\/wp\/v2\/posts\/15298\/revisions"}],"predecessor-version":[{"id":15300,"href":"http:\/\/875jahrekirchgoens.de\/index.php?rest_route=\/wp\/v2\/posts\/15298\/revisions\/15300"}],"wp:attachment":[{"href":"http:\/\/875jahrekirchgoens.de\/index.php?rest_route=%2Fwp%2Fv2%2Fmedia&parent=15298"}],"wp:term":[{"taxonomy":"category","embeddable":true,"href":"http:\/\/875jahrekirchgoens.de\/index.php?rest_route=%2Fwp%2Fv2%2Fcategories&post=15298"},{"taxonomy":"post_tag","embeddable":true,"href":"http:\/\/875jahrekirchgoens.de\/index.php?rest_route=%2Fwp%2Fv2%2Ftags&post=15298"}],"curies":[{"name":"wp","href":"https:\/\/api.w.org\/{rel}","templated":true}]}}