{"id":15302,"date":"1986-06-25T11:13:00","date_gmt":"1986-06-25T11:13:00","guid":{"rendered":"http:\/\/875jahrekirchgoens.de\/?p=15302"},"modified":"2024-04-08T11:14:44","modified_gmt":"2024-04-08T11:14:44","slug":"25-jahre-kreissparkasse-in-kirch-goens","status":"publish","type":"post","link":"http:\/\/875jahrekirchgoens.de\/?p=15302","title":{"rendered":"25 Jahre Kreissparkasse in Kirch-G\u00f6ns"},"content":{"rendered":"\n<p>Aus Anlass ihres 25j\u00e4hrigen Bestehens hatte die Gesch\u00e4ftsstelle Kirch-G\u00f6ns der Kreissparkasse Friedberg am Sonntag ab 10 Uhr die Bev\u00f6lkerung zu einem Fr\u00fchschoppen eingeladen. <\/p>\n\n\n\n<p>Im Hof des Anwesens von Karl Nern 3. in der Hauptstra\u00dfe 21 \u2013 hier wurde die Gesch\u00e4ftsstelle 1961 er\u00f6ffnet \u2013 lockte ein Festzelt zahlreiche Besucher an, die bis in die Nachmittagsstunden bei W\u00fcrstchen und Getr\u00e4nken zum Selbstkostenpreis das Jubil\u00e4um ihrer Sparkasse feierten. Gesch\u00e4ftsstellenleiter Hans Bayer, selbst schon seit 20 Jahren in Kirch-G\u00f6ns t\u00e4tig, und seine zahlreichen Helferinnen und Helber hatten sich neben der ausgezeichneten Bewirtung auch noch um einen Kinderstand zu k\u00fcmmern, an dem die j\u00fcngsten Besucher wegen eines Gl\u00fccksradwettbewerbs Schlange standen. <\/p>\n\n\n\n<p>Die Erwachsenen konnten sich an einem Ratespiel beteiligen, das mit interessanten Preisen lockte. F\u00fcr die musikalische Unterhaltung der Besucher sorgten der Fanfarenzug und der Spielmannszug der Freiwilligen Feuer Kirch-G\u00f6ns mit einem schwungvollen St\u00e4ndchen. Neugieriges Interesse weckte auch eine Fotoausstellung im Schaufenster der Gesch\u00e4ftsstelle, die das Aussehen der Filiale einst und jetzt dokumentierte.<\/p>\n\n\n\n<p>Quelle und Bilder: Butzbacher Zeitung vom 25. Juni 1986<\/p>\n\n\n\n<figure class=\"wp-block-image size-full\"><img loading=\"lazy\" decoding=\"async\" width=\"605\" height=\"215\" src=\"http:\/\/875jahrekirchgoens.de\/wp-content\/uploads\/2024\/04\/25-jahre-KSK-Bild1.jpg\" alt=\"\" class=\"wp-image-15303\" srcset=\"http:\/\/875jahrekirchgoens.de\/wp-content\/uploads\/2024\/04\/25-jahre-KSK-Bild1.jpg 605w, http:\/\/875jahrekirchgoens.de\/wp-content\/uploads\/2024\/04\/25-jahre-KSK-Bild1-300x107.jpg 300w\" sizes=\"auto, (max-width: 605px) 100vw, 605px\" \/><\/figure>\n","protected":false},"excerpt":{"rendered":"<p>Aus Anlass ihres 25j\u00e4hrigen Bestehens hatte die Gesch\u00e4ftsstelle Kirch-G\u00f6ns der Kreissparkasse Friedberg am Sonntag ab 10 Uhr die Bev\u00f6lkerung zu einem Fr\u00fchschoppen eingeladen. Im Hof des Anwesens von Karl Nern 3. in der Hauptstra\u00dfe 21 \u2013 hier wurde die Gesch\u00e4ftsstelle 1961 er\u00f6ffnet \u2013 lockte ein Festzelt zahlreiche Besucher an, die bis in die Nachmittagsstunden bei &#8230; <a title=\"25 Jahre Kreissparkasse in Kirch-G\u00f6ns\" class=\"read-more\" href=\"http:\/\/875jahrekirchgoens.de\/?p=15302\" aria-label=\"Mehr Informationen \u00fcber 25 Jahre Kreissparkasse in Kirch-G\u00f6ns\">Weiterlesen<\/a><\/p>\n","protected":false},"author":1,"featured_media":0,"comment_status":"closed","ping_status":"open","sticky":false,"template":"","format":"standard","meta":{"footnotes":""},"categories":[1],"tags":[],"class_list":["post-15302","post","type-post","status-publish","format-standard","hentry","category-infos"],"_links":{"self":[{"href":"http:\/\/875jahrekirchgoens.de\/index.php?rest_route=\/wp\/v2\/posts\/15302","targetHints":{"allow":["GET"]}}],"collection":[{"href":"http:\/\/875jahrekirchgoens.de\/index.php?rest_route=\/wp\/v2\/posts"}],"about":[{"href":"http:\/\/875jahrekirchgoens.de\/index.php?rest_route=\/wp\/v2\/types\/post"}],"author":[{"embeddable":true,"href":"http:\/\/875jahrekirchgoens.de\/index.php?rest_route=\/wp\/v2\/users\/1"}],"replies":[{"embeddable":true,"href":"http:\/\/875jahrekirchgoens.de\/index.php?rest_route=%2Fwp%2Fv2%2Fcomments&post=15302"}],"version-history":[{"count":1,"href":"http:\/\/875jahrekirchgoens.de\/index.php?rest_route=\/wp\/v2\/posts\/15302\/revisions"}],"predecessor-version":[{"id":15304,"href":"http:\/\/875jahrekirchgoens.de\/index.php?rest_route=\/wp\/v2\/posts\/15302\/revisions\/15304"}],"wp:attachment":[{"href":"http:\/\/875jahrekirchgoens.de\/index.php?rest_route=%2Fwp%2Fv2%2Fmedia&parent=15302"}],"wp:term":[{"taxonomy":"category","embeddable":true,"href":"http:\/\/875jahrekirchgoens.de\/index.php?rest_route=%2Fwp%2Fv2%2Fcategories&post=15302"},{"taxonomy":"post_tag","embeddable":true,"href":"http:\/\/875jahrekirchgoens.de\/index.php?rest_route=%2Fwp%2Fv2%2Ftags&post=15302"}],"curies":[{"name":"wp","href":"https:\/\/api.w.org\/{rel}","templated":true}]}}