{"id":15317,"date":"2024-04-06T15:07:20","date_gmt":"2024-04-06T15:07:20","guid":{"rendered":"http:\/\/875jahrekirchgoens.de\/?p=15317"},"modified":"2024-04-14T15:09:45","modified_gmt":"2024-04-14T15:09:45","slug":"ein-jahr-voller-emotionen","status":"publish","type":"post","link":"http:\/\/875jahrekirchgoens.de\/?p=15317","title":{"rendered":"Ein Jahr voller Emotionen"},"content":{"rendered":"\n<p><em>Hauptversammlung von \u201eLet it Shine\u201c beginnt traurig und endet zuversichtlich<\/em><\/p>\n\n\n\n<p>Die vor Kurzem stattgefundene Jahreshauptversammlung (JHV) des Gesangvereins \u201eLet it Shine\u201c Kirch-G\u00f6ns hat zum ersten Mal mit einem Gedenken auf dem Friedhof angefangen. Dort wurde an alle verstorbenen Mitglieder seit Beginn der Pandemie erinnert. <\/p>\n\n\n\n<p>Ein letzter Gru\u00df war damals wegen der Corona-Auflagen nicht m\u00f6glich. Pfarrer David Lieder unterst\u00fctzte den Verein dabei. Die anwesenden S\u00e4ngerinnen und S\u00e4nger sangen ein St\u00e4ndchen f\u00fcr die Verstorbenen als letzten Gru\u00df. Anschlie\u00dfend versammelten sich die Mitglieder im S\u00e4ngerheim des B\u00fcrgerhauses von Kirch-G\u00f6ns. <\/p>\n\n\n\n<p>Die Teilnahme sei erfreulich gro\u00df gewesen, berichtet der Verein. Die Vorsitzende Claudia Laiacker begr\u00fc\u00dfte alle Anwesen den und begann die Sitzung mit dem Gedenken der im letzten Jahr verstorbenen Mitglieder Lony S\u00f6hngen, Helmut Hankel, Inge Schmidt, Ewald Binzer, Horst Wagner und Andrea Pabst. Im Anschluss zog die Vorsitzende in ihrem Rechenschaftsbericht Bilanz. So standen einige Auftritte auf dem Programm, unter anderem die Teilnahme beim Fr\u00fchjahrsempfang der Stadt Butzbach, die Unterst\u00fctzung beim Friedensgebet f\u00fcr die Ukraine und der Auftritt im Schlosshof bei den Wetterauer Chortagen. Mit dabei war auch die Er\u00f6ffnung des Weihnachtsmarktes in Butzbach und das traditionelle Singen beim Weihnachtsmarkt in Kirch-G\u00f6ns. Premiere waren gleich zwei Auftritte in Gie\u00dfen, in der Johanneskirche und in der Kongresshalle. Eine sch\u00f6ne und erfolgreiche Veranstaltung, ist laut der Vorsitzenden das Volkslieder singen f\u00fcr <em>die <\/em>Bev\u00f6lkerung von Kirch-G\u00f6ns und Umgebung, Aktive w\u00fcrden es stets mit viel Engagement organisieren. 2023 gab es dort, neben ganz viel Gesang, auch Kaffee und Kuchen. Damit werde auch der\u00b7Tatsache Rechnung getragen, dass es den Gemischten Chor des Vereins nach der Pandemie so nicht mehr gebe. Einige der Aktiven des Gemischten Chores haben sich daher dem Gospelchor angeschlossen. F\u00fcr die anderen gibt es mit diesen Terminen die M\u00f6glichkeit, wieder in Gemeinschaft zu singen. Die H\u00f6hepunkte des vergangenen Jahres waren zum. einen das erfolgreich organisierte Weinfest und zum anderen das gro\u00dfe Konzert zum zehn\u00ad j\u00e4hrigen Chorleiterjubil\u00e4um von Theresa Heinz im Butzbacher B\u00fcrgerhaus. Neben den diversen Auftritten veranstaltete der Verein ein Proben-Wochenende, an dem \u00fcber 40 Personen teilnahmen. Der Verein nahm zudem am Festumzug zu 1250 Jahre Butzbach teil. Zum Abschluss des Jahres gab es einen, singenden Rundgang durch das Dorf mit anschlie\u00dfender Weihnachtsfeier. <\/p>\n\n\n\n<p>Der Gospelchor habe sich seit der Pandemie sehr gut, vergr\u00f6\u00dfert.\u00a0 Allein im letzten Jahr konnten zw\u00f6lf Mitglieder hinzugewonnen werden, war die Bilanz von Claudia Laiacker. Schatzmeisterin Carmen M\u00fcller konnte von einem durch die verschiedenen Veranstaltungen positiven finanziellen Jahr berichten. Der Kassenpr\u00fcfer Werner D\u00e4mon bescheinigte eine einwandfreie Kassenf\u00fchrung und beantragte damit erfolgreich die Entlastung des Vorstandes. <\/p>\n\n\n\n<p>Bei den anschlie\u00dfenden Vorstandswahlen wurde f\u00fcr die ausscheidende Schatzmeisterin Carmen M\u00fcller mit Rico Merker ein neuer Schatzmeister einstimmig gew\u00e4hlt. F\u00fcr den ebenso ausscheidenden Harald Eckhard ist Ellen Kraft einstimmig in den Vorstand gew\u00e4hlt worden. Alle anderen Vorstandsmitglieder standen wieder zu Wahl und wurden in ihren Positionen best\u00e4tigt. Mit J\u00f6rg Hofmann und Martina Exler wurden zwei neue Kassenpr\u00fcfer gew\u00e4hlt. Mit einem Pr\u00e4sent f\u00fcr die beiden ausscheidenden Vorstandsmitglieder bedankte sich Laiacker f\u00fcr die geleistete Arbeit, bei Carmen M\u00fcller f\u00fcr neun Jahre und bei Harald Eckhard, der dem Vorstand 36 Jahre angeh\u00f6rt hatte. Er wurde nach Antrag des Vorstands daf\u00fcr zum Ehrenvorstandsmitglied ernannt. Bei den anschlie\u00dfenden Ehrungen konnte Heike Bunfill f\u00fcr 25 Jahre Mitgliedschaft geehrt werden, G\u00fcnter Weber und Werner Bopf wurden mit Erreichen des 70. Lebensjahres zu Ehrenmitgliedern ernannt. F\u00fcr alle gab es eine Urkunde und ein Geschenk, verbunden mit einem gro\u00dfen Dankesch\u00f6n f\u00fcr ihre Treue zum Verein. F\u00fcr 2023 konnte nach der Pandemie auch wieder der regelm\u00e4\u00dfige Probenbesuch notiert und damit die flei\u00dfigsten S\u00e4ngerinnen und S\u00e4nger geehrt werden. Besonders hervorgehoben wurde dabei Martina Tschentscher, die keine Singstunde verpasst hat. Es gab ein kleines Geschenk, das extra personalisiert f\u00fcr alle neun S\u00e4ngerinnen und S\u00e4nger wurde, die nur an bis zu f\u00fcnf Proben gefehlt hatten. F\u00fcr das laufende Jahr 2024 ist das n\u00e4chste Volksliedersingen im Fr\u00fchling geplant. das Weinfest findet am Samstag, 25. Mai, statt, weitere Auftritte und die Teilnahme an Veranstaltungen zu 875 Jahre Kirch\u00ad G\u00f6ns sowie ein Vereinsausflug.<\/p>\n\n\n\n<p>Quelle und Bilder: Butzbacher Zeitung vom 6. April 2024<\/p>\n\n\n\n<figure class=\"wp-block-gallery has-nested-images columns-default is-cropped wp-block-gallery-1 is-layout-flex wp-block-gallery-is-layout-flex\">\n<figure class=\"wp-block-image size-large\"><img loading=\"lazy\" decoding=\"async\" width=\"395\" height=\"229\" data-id=\"15316\" src=\"http:\/\/875jahrekirchgoens.de\/wp-content\/uploads\/2024\/04\/Emotionen-Bild2.png\" alt=\"\" class=\"wp-image-15316\" srcset=\"http:\/\/875jahrekirchgoens.de\/wp-content\/uploads\/2024\/04\/Emotionen-Bild2.png 395w, http:\/\/875jahrekirchgoens.de\/wp-content\/uploads\/2024\/04\/Emotionen-Bild2-300x174.png 300w\" sizes=\"auto, (max-width: 395px) 100vw, 395px\" \/><figcaption class=\"wp-element-caption\">Claudia Laiacker (r.) ehrt v. l. G\u00fcnter Weber, Harald Eckard und Heike Bunfill. <\/figcaption><\/figure>\n\n\n\n<figure class=\"wp-block-image size-large\"><img loading=\"lazy\" decoding=\"async\" width=\"345\" height=\"241\" data-id=\"15315\" src=\"http:\/\/875jahrekirchgoens.de\/wp-content\/uploads\/2024\/04\/Emotionen-Bild1.png\" alt=\"\" class=\"wp-image-15315\" srcset=\"http:\/\/875jahrekirchgoens.de\/wp-content\/uploads\/2024\/04\/Emotionen-Bild1.png 345w, http:\/\/875jahrekirchgoens.de\/wp-content\/uploads\/2024\/04\/Emotionen-Bild1-300x210.png 300w\" sizes=\"auto, (max-width: 345px) 100vw, 345px\" \/><figcaption class=\"wp-element-caption\">Der neue Vorstand v. l.: Vanessa Hock, Claudia Laiacker, J\u00fcrgen R\u00fchl, Tanja Schenk, Ellen Kraft, Rico Merker, Manja Schaaf, Kathy Schicketanz, Martina Tschentscher und Susi H\u00f6g. <\/figcaption><\/figure>\n<\/figure>\n","protected":false},"excerpt":{"rendered":"<p>Hauptversammlung von \u201eLet it Shine\u201c beginnt traurig und endet zuversichtlich Die vor Kurzem stattgefundene Jahreshauptversammlung (JHV) des Gesangvereins \u201eLet it Shine\u201c Kirch-G\u00f6ns hat zum ersten Mal mit einem Gedenken auf dem Friedhof angefangen. Dort wurde an alle verstorbenen Mitglieder seit Beginn der Pandemie erinnert. Ein letzter Gru\u00df war damals wegen der Corona-Auflagen nicht m\u00f6glich. Pfarrer &#8230; <a title=\"Ein Jahr voller Emotionen\" class=\"read-more\" href=\"http:\/\/875jahrekirchgoens.de\/?p=15317\" aria-label=\"Mehr Informationen \u00fcber Ein Jahr voller Emotionen\">Weiterlesen<\/a><\/p>\n","protected":false},"author":1,"featured_media":0,"comment_status":"closed","ping_status":"open","sticky":false,"template":"","format":"standard","meta":{"footnotes":""},"categories":[1],"tags":[],"class_list":["post-15317","post","type-post","status-publish","format-standard","hentry","category-infos"],"_links":{"self":[{"href":"http:\/\/875jahrekirchgoens.de\/index.php?rest_route=\/wp\/v2\/posts\/15317","targetHints":{"allow":["GET"]}}],"collection":[{"href":"http:\/\/875jahrekirchgoens.de\/index.php?rest_route=\/wp\/v2\/posts"}],"about":[{"href":"http:\/\/875jahrekirchgoens.de\/index.php?rest_route=\/wp\/v2\/types\/post"}],"author":[{"embeddable":true,"href":"http:\/\/875jahrekirchgoens.de\/index.php?rest_route=\/wp\/v2\/users\/1"}],"replies":[{"embeddable":true,"href":"http:\/\/875jahrekirchgoens.de\/index.php?rest_route=%2Fwp%2Fv2%2Fcomments&post=15317"}],"version-history":[{"count":1,"href":"http:\/\/875jahrekirchgoens.de\/index.php?rest_route=\/wp\/v2\/posts\/15317\/revisions"}],"predecessor-version":[{"id":15318,"href":"http:\/\/875jahrekirchgoens.de\/index.php?rest_route=\/wp\/v2\/posts\/15317\/revisions\/15318"}],"wp:attachment":[{"href":"http:\/\/875jahrekirchgoens.de\/index.php?rest_route=%2Fwp%2Fv2%2Fmedia&parent=15317"}],"wp:term":[{"taxonomy":"category","embeddable":true,"href":"http:\/\/875jahrekirchgoens.de\/index.php?rest_route=%2Fwp%2Fv2%2Fcategories&post=15317"},{"taxonomy":"post_tag","embeddable":true,"href":"http:\/\/875jahrekirchgoens.de\/index.php?rest_route=%2Fwp%2Fv2%2Ftags&post=15317"}],"curies":[{"name":"wp","href":"https:\/\/api.w.org\/{rel}","templated":true}]}}