{"id":15327,"date":"2012-09-16T15:20:00","date_gmt":"2012-09-16T15:20:00","guid":{"rendered":"http:\/\/875jahrekirchgoens.de\/?p=15327"},"modified":"2024-04-14T15:21:27","modified_gmt":"2024-04-14T15:21:27","slug":"3-hof-flohmarkt-in-kirch-goens","status":"publish","type":"post","link":"http:\/\/875jahrekirchgoens.de\/?p=15327","title":{"rendered":"3. Hof-Flohmarkt in Kirch-G\u00f6ns"},"content":{"rendered":"\n<p>Am 16. September 2012 fand der 3. Hof-Flohmarkt in Kirch-G\u00f6ns statt. Mit rund 20 teilnehmenden H\u00f6fen in den Stra\u00dfe Taubgasse und Pfeifergasse fanden sich an dem warmen Sonntag viele gro\u00dfe und kleine Besucher zwischen 9 und 15 Uhr ein. Neben zahlreichen Tr\u00f6delartikeln fand man auch leckeres zum Verzehr. Ob marokkanische Spezialit\u00e4ten oder die einfach bekannte Waffel, alles war neben hei\u00dfen Kaffee lecker zu genie\u00dfen. Die Organisatoren Andr\u00e9 F. Cannon und Claudia David freuten sich \u00fcber den regen Besuch.<\/p>\n\n\n\n<p>Bild: Thorsten Ohlwein \/ Kirch-G\u00f6ns<\/p>\n\n\n\n<figure class=\"wp-block-gallery has-nested-images columns-default is-cropped wp-block-gallery-1 is-layout-flex wp-block-gallery-is-layout-flex\">\n<figure class=\"wp-block-image size-large\"><img loading=\"lazy\" decoding=\"async\" width=\"288\" height=\"172\" data-id=\"15331\" src=\"http:\/\/875jahrekirchgoens.de\/wp-content\/uploads\/2024\/04\/Floh-Bild1.png\" alt=\"\" class=\"wp-image-15331\"\/><\/figure>\n\n\n\n<figure class=\"wp-block-image size-large\"><img loading=\"lazy\" decoding=\"async\" width=\"277\" height=\"172\" data-id=\"15329\" src=\"http:\/\/875jahrekirchgoens.de\/wp-content\/uploads\/2024\/04\/Floh-Bild3.png\" alt=\"\" class=\"wp-image-15329\"\/><\/figure>\n\n\n\n<figure class=\"wp-block-image size-large\"><img loading=\"lazy\" decoding=\"async\" width=\"287\" height=\"172\" data-id=\"15330\" src=\"http:\/\/875jahrekirchgoens.de\/wp-content\/uploads\/2024\/04\/Floh-Bild4.png\" alt=\"\" class=\"wp-image-15330\"\/><\/figure>\n\n\n\n<figure class=\"wp-block-image size-large\"><img loading=\"lazy\" decoding=\"async\" width=\"290\" height=\"173\" data-id=\"15328\" src=\"http:\/\/875jahrekirchgoens.de\/wp-content\/uploads\/2024\/04\/Floh-Bild2.png\" alt=\"\" class=\"wp-image-15328\"\/><\/figure>\n<\/figure>\n","protected":false},"excerpt":{"rendered":"<p>Am 16. September 2012 fand der 3. Hof-Flohmarkt in Kirch-G\u00f6ns statt. Mit rund 20 teilnehmenden H\u00f6fen in den Stra\u00dfe Taubgasse und Pfeifergasse fanden sich an dem warmen Sonntag viele gro\u00dfe und kleine Besucher zwischen 9 und 15 Uhr ein. Neben zahlreichen Tr\u00f6delartikeln fand man auch leckeres zum Verzehr. Ob marokkanische Spezialit\u00e4ten oder die einfach bekannte &#8230; <a title=\"3. Hof-Flohmarkt in Kirch-G\u00f6ns\" class=\"read-more\" href=\"http:\/\/875jahrekirchgoens.de\/?p=15327\" aria-label=\"Mehr Informationen \u00fcber 3. Hof-Flohmarkt in Kirch-G\u00f6ns\">Weiterlesen<\/a><\/p>\n","protected":false},"author":1,"featured_media":0,"comment_status":"closed","ping_status":"open","sticky":false,"template":"","format":"standard","meta":{"footnotes":""},"categories":[1],"tags":[],"class_list":["post-15327","post","type-post","status-publish","format-standard","hentry","category-infos"],"_links":{"self":[{"href":"http:\/\/875jahrekirchgoens.de\/index.php?rest_route=\/wp\/v2\/posts\/15327","targetHints":{"allow":["GET"]}}],"collection":[{"href":"http:\/\/875jahrekirchgoens.de\/index.php?rest_route=\/wp\/v2\/posts"}],"about":[{"href":"http:\/\/875jahrekirchgoens.de\/index.php?rest_route=\/wp\/v2\/types\/post"}],"author":[{"embeddable":true,"href":"http:\/\/875jahrekirchgoens.de\/index.php?rest_route=\/wp\/v2\/users\/1"}],"replies":[{"embeddable":true,"href":"http:\/\/875jahrekirchgoens.de\/index.php?rest_route=%2Fwp%2Fv2%2Fcomments&post=15327"}],"version-history":[{"count":1,"href":"http:\/\/875jahrekirchgoens.de\/index.php?rest_route=\/wp\/v2\/posts\/15327\/revisions"}],"predecessor-version":[{"id":15332,"href":"http:\/\/875jahrekirchgoens.de\/index.php?rest_route=\/wp\/v2\/posts\/15327\/revisions\/15332"}],"wp:attachment":[{"href":"http:\/\/875jahrekirchgoens.de\/index.php?rest_route=%2Fwp%2Fv2%2Fmedia&parent=15327"}],"wp:term":[{"taxonomy":"category","embeddable":true,"href":"http:\/\/875jahrekirchgoens.de\/index.php?rest_route=%2Fwp%2Fv2%2Fcategories&post=15327"},{"taxonomy":"post_tag","embeddable":true,"href":"http:\/\/875jahrekirchgoens.de\/index.php?rest_route=%2Fwp%2Fv2%2Ftags&post=15327"}],"curies":[{"name":"wp","href":"https:\/\/api.w.org\/{rel}","templated":true}]}}