{"id":15340,"date":"2011-08-01T15:30:00","date_gmt":"2011-08-01T15:30:00","guid":{"rendered":"http:\/\/875jahrekirchgoens.de\/?p=15340"},"modified":"2024-04-14T15:32:22","modified_gmt":"2024-04-14T15:32:22","slug":"erstmals-kirch-goenser-backhausfest-ohne-dorflinde","status":"publish","type":"post","link":"http:\/\/875jahrekirchgoens.de\/?p=15340","title":{"rendered":"Erstmals Kirch-G\u00f6nser Backhausfest ohne Dorflinde"},"content":{"rendered":"\n<p>Das diesj\u00e4hrige Kirch-G\u00f6nser Backhausfest fand erstmals nicht im Schatten der \u00fcber 400 Jahre alten Dorflinde statt. Diese war eine Woche zuvor einem Gewittersturm zum Opfer gefallen. Das tr\u00fcbte aber nicht die Freude der zahlreichen Besucher der Veranstaltung, die wie immer vom Kirch-G\u00f6nser Heimat\u00ad und Backhausverein ausgerichtet wurde. Auftakt des Backhausfestes war ein evangelischer Gottesdienst mit Pfarrer William Thum im Freien auf dem aufgebauten Tanzboden. Ein Sch\u00fclerchor des Butzbacher Weidig-Gymnasiums begleitete den Gottesdienst und Leni Braasch sowie Martina Ilge trugen Schriftlesungen vor. Der Vormittag wurde mit einem gemeinsamen Mittagessen im Freien abgeschlossen. Das weitere Programm des Backhausfestes begann mit den Auftritten der Kinder- und Jugendtanzgruppe des Backhausvereins in Trachten des H\u00fcttenberger Landes unter Leitung von Monika Maiwald und Simone Reinl. Die Akteure wurden f\u00fcr ihre Darbietungen mit lang anhaltendem Applaus belohnt. Den bekam anschlie\u00dfend auch die Volkstanzgruppe Kr\u00f6ffelbach unter der Leitung von Carmen Stenzel f\u00fcr die dargebrachten T\u00e4nze. Die danach auftretende Kinder- und Jugendtanzgruppe aus Annerod begeiste1te das Publikum mit seinen Volkst\u00e4nzen ebenso wie dann die Trachtentanzgruppe aus Gr\u00fcningen. Alle auftretenden Gruppen trugen Gedichte und Sketche in ihrer heimatlichen Mundart zur gro\u00dfen Freude der Festbesucher vor. F\u00fcr das leibliche Wohl des Publikums war mit K\u00f6stlichkeiten vom Grill und allerlei Getr\u00e4nken bestens gesorgt. Und im angrenzenden B\u00fcrgerhaus standen etliche Bleche mit original Kirch-G\u00f6nser Backhauskuchen bereit. Wie \u00fcblich fanden Budderlochskuche, Gwetschekuche und Riwwelkuche rei\u00dfenden Absatz. Viele Besucher nahmen noch weitere St\u00fccke der im benachbarten alten Kirch-G\u00f6nser Backhaus gebackenen Kuchen mit nach Hause. Eine Besonderheit beim Kirch-G\u00f6nser Backhausfest sind die wechselnden Ausstellungen im Obergeschoss des B\u00fcrgerhauses. In diesem Jahr zeigte Hermann Faber historische Telefone, Radios, Grammophone, Tonbandger\u00e4te und Plattenspieler aus hundert Jahren Technikgeschichte. Zur Unterhaltung die vielen anwesenden Kinder hatte der Heimat- und Backhausverein einen Zauberer engagiert, der mit verbl\u00fcffenden Kunstst\u00fccken aufwartete. Nach den Volkstanzgruppen trat nach einer Pause die Kirch-G\u00f6nser Tanzformation \u201eMen in Black&#8220; auf mit einer flotten Tanzshow, die unter dem Thema \u201eBauer sucht Frau&#8220; stand. Als DJ \u00d6tzi gl\u00e4nzte dabei Thorsten Metz. Den Abschluss des Backhausfestes bildete ein zweist\u00fcndiges Konzert des Musikzuges Kirch-G\u00f6ns zusammen mit der Butzbacher Feuerwehrkapelle, dirigiert von Frank Mader. Moderiert wurden alle Auftritte von G\u00fcnter Weber, dem 1. Vorsitzenden des Kirch-G\u00f6nser Heimat- und Backhausvereins.<\/p>\n\n\n\n<p>Das Kirch-G\u00f6nser Backhausfest bot wieder einen bunten Reigen an Auftritten verschiedener Gruppierungen, die alle mit langanhaltendem Applaus f\u00fcr ihre Darbietungen belohnt wurden.<\/p>\n\n\n\n<p>Bericht und Bilder: Dieter Pfeiffer \/ Kirch-G\u00f6ns (August 2011)<\/p>\n\n\n\n<figure class=\"wp-block-gallery has-nested-images columns-default is-cropped wp-block-gallery-1 is-layout-flex wp-block-gallery-is-layout-flex\">\n<figure class=\"wp-block-image size-large\"><img loading=\"lazy\" decoding=\"async\" width=\"290\" height=\"190\" data-id=\"15352\" src=\"http:\/\/875jahrekirchgoens.de\/wp-content\/uploads\/2024\/04\/Backhaus-Bild12.png\" alt=\"\" class=\"wp-image-15352\"\/><\/figure>\n\n\n\n<figure class=\"wp-block-image size-large\"><img loading=\"lazy\" decoding=\"async\" width=\"288\" height=\"193\" data-id=\"15351\" src=\"http:\/\/875jahrekirchgoens.de\/wp-content\/uploads\/2024\/04\/Backhaus-Bild11.png\" alt=\"\" class=\"wp-image-15351\"\/><\/figure>\n\n\n\n<figure class=\"wp-block-image size-large\"><img loading=\"lazy\" decoding=\"async\" width=\"287\" height=\"190\" data-id=\"15350\" src=\"http:\/\/875jahrekirchgoens.de\/wp-content\/uploads\/2024\/04\/Backhaus-Bild10.png\" alt=\"\" class=\"wp-image-15350\"\/><\/figure>\n\n\n\n<figure class=\"wp-block-image size-large\"><img loading=\"lazy\" decoding=\"async\" width=\"288\" height=\"170\" data-id=\"15348\" src=\"http:\/\/875jahrekirchgoens.de\/wp-content\/uploads\/2024\/04\/Backhaus-Bild8.png\" alt=\"\" class=\"wp-image-15348\"\/><\/figure>\n\n\n\n<figure class=\"wp-block-image size-large\"><img loading=\"lazy\" decoding=\"async\" width=\"285\" height=\"185\" data-id=\"15349\" src=\"http:\/\/875jahrekirchgoens.de\/wp-content\/uploads\/2024\/04\/Backhaus-Bild9.png\" alt=\"\" class=\"wp-image-15349\"\/><\/figure>\n\n\n\n<figure class=\"wp-block-image size-large\"><img loading=\"lazy\" decoding=\"async\" width=\"278\" height=\"172\" data-id=\"15347\" src=\"http:\/\/875jahrekirchgoens.de\/wp-content\/uploads\/2024\/04\/Backhaus-Bild7.png\" alt=\"\" class=\"wp-image-15347\"\/><\/figure>\n\n\n\n<figure class=\"wp-block-image size-large\"><img loading=\"lazy\" decoding=\"async\" width=\"286\" height=\"186\" data-id=\"15341\" src=\"http:\/\/875jahrekirchgoens.de\/wp-content\/uploads\/2024\/04\/Backhaus-Bild1.png\" alt=\"\" class=\"wp-image-15341\"\/><\/figure>\n\n\n\n<figure class=\"wp-block-image size-large\"><img loading=\"lazy\" decoding=\"async\" width=\"289\" height=\"189\" data-id=\"15342\" src=\"http:\/\/875jahrekirchgoens.de\/wp-content\/uploads\/2024\/04\/Backhaus-Bild2.png\" alt=\"\" class=\"wp-image-15342\"\/><\/figure>\n\n\n\n<figure class=\"wp-block-image size-large\"><img loading=\"lazy\" decoding=\"async\" width=\"295\" height=\"195\" data-id=\"15344\" src=\"http:\/\/875jahrekirchgoens.de\/wp-content\/uploads\/2024\/04\/Backhaus-Bild4.png\" alt=\"\" class=\"wp-image-15344\"\/><\/figure>\n\n\n\n<figure class=\"wp-block-image size-large\"><img loading=\"lazy\" decoding=\"async\" width=\"284\" height=\"199\" data-id=\"15343\" src=\"http:\/\/875jahrekirchgoens.de\/wp-content\/uploads\/2024\/04\/Backhaus-Bild3.png\" alt=\"\" class=\"wp-image-15343\"\/><\/figure>\n\n\n\n<figure class=\"wp-block-image size-large\"><img loading=\"lazy\" decoding=\"async\" width=\"281\" height=\"195\" data-id=\"15345\" src=\"http:\/\/875jahrekirchgoens.de\/wp-content\/uploads\/2024\/04\/Backhaus-Bild5.png\" alt=\"\" class=\"wp-image-15345\"\/><\/figure>\n\n\n\n<figure class=\"wp-block-image size-large\"><img loading=\"lazy\" decoding=\"async\" width=\"290\" height=\"195\" data-id=\"15346\" src=\"http:\/\/875jahrekirchgoens.de\/wp-content\/uploads\/2024\/04\/Backhaus-Bild6.png\" alt=\"\" class=\"wp-image-15346\"\/><\/figure>\n<\/figure>\n\n\n\n<p>Bericht und Bilder: Dieter Pfeiffer \/ Kirch-G\u00f6ns (August 2011)<\/p>\n","protected":false},"excerpt":{"rendered":"<p>Das diesj\u00e4hrige Kirch-G\u00f6nser Backhausfest fand erstmals nicht im Schatten der \u00fcber 400 Jahre alten Dorflinde statt. Diese war eine Woche zuvor einem Gewittersturm zum Opfer gefallen. Das tr\u00fcbte aber nicht die Freude der zahlreichen Besucher der Veranstaltung, die wie immer vom Kirch-G\u00f6nser Heimat\u00ad und Backhausverein ausgerichtet wurde. Auftakt des Backhausfestes war ein evangelischer Gottesdienst mit &#8230; <a title=\"Erstmals Kirch-G\u00f6nser Backhausfest ohne Dorflinde\" class=\"read-more\" href=\"http:\/\/875jahrekirchgoens.de\/?p=15340\" aria-label=\"Mehr Informationen \u00fcber Erstmals Kirch-G\u00f6nser Backhausfest ohne Dorflinde\">Weiterlesen<\/a><\/p>\n","protected":false},"author":1,"featured_media":0,"comment_status":"closed","ping_status":"open","sticky":false,"template":"","format":"standard","meta":{"footnotes":""},"categories":[1],"tags":[],"class_list":["post-15340","post","type-post","status-publish","format-standard","hentry","category-infos"],"_links":{"self":[{"href":"http:\/\/875jahrekirchgoens.de\/index.php?rest_route=\/wp\/v2\/posts\/15340","targetHints":{"allow":["GET"]}}],"collection":[{"href":"http:\/\/875jahrekirchgoens.de\/index.php?rest_route=\/wp\/v2\/posts"}],"about":[{"href":"http:\/\/875jahrekirchgoens.de\/index.php?rest_route=\/wp\/v2\/types\/post"}],"author":[{"embeddable":true,"href":"http:\/\/875jahrekirchgoens.de\/index.php?rest_route=\/wp\/v2\/users\/1"}],"replies":[{"embeddable":true,"href":"http:\/\/875jahrekirchgoens.de\/index.php?rest_route=%2Fwp%2Fv2%2Fcomments&post=15340"}],"version-history":[{"count":1,"href":"http:\/\/875jahrekirchgoens.de\/index.php?rest_route=\/wp\/v2\/posts\/15340\/revisions"}],"predecessor-version":[{"id":15353,"href":"http:\/\/875jahrekirchgoens.de\/index.php?rest_route=\/wp\/v2\/posts\/15340\/revisions\/15353"}],"wp:attachment":[{"href":"http:\/\/875jahrekirchgoens.de\/index.php?rest_route=%2Fwp%2Fv2%2Fmedia&parent=15340"}],"wp:term":[{"taxonomy":"category","embeddable":true,"href":"http:\/\/875jahrekirchgoens.de\/index.php?rest_route=%2Fwp%2Fv2%2Fcategories&post=15340"},{"taxonomy":"post_tag","embeddable":true,"href":"http:\/\/875jahrekirchgoens.de\/index.php?rest_route=%2Fwp%2Fv2%2Ftags&post=15340"}],"curies":[{"name":"wp","href":"https:\/\/api.w.org\/{rel}","templated":true}]}}