{"id":15355,"date":"2008-01-02T15:35:00","date_gmt":"2008-01-02T15:35:00","guid":{"rendered":"http:\/\/875jahrekirchgoens.de\/?p=15355"},"modified":"2024-04-14T15:37:34","modified_gmt":"2024-04-14T15:37:34","slug":"herbstkonzert-war-hoehepunkt-fuer-kirch-goenser-musikzug","status":"publish","type":"post","link":"http:\/\/875jahrekirchgoens.de\/?p=15355","title":{"rendered":"Herbstkonzert war H\u00f6hepunkt f\u00fcr Kirch-G\u00f6nser Musikzug"},"content":{"rendered":"\n<p>Sehr erfolgreich verlief das Jahr 2007 f\u00fcr den Kirch-G\u00f6nser Musikzug. Die Musikerinnen und Musiker konnten jetzt auf Ihrer Jahreshauptversammlung gleich auf mehrere herausragende Ereignisse zur\u00fcck blicken. Einer der H\u00f6hepunkte des letzen Jahres war sicherlich die Teilnahme am Hessentag, die aber noch durch das Herbstkonzert in der Alten Turnhalle Butzbach \u00fcbertroffen wurde. Die 1. Vorsitzende Betty Menk er\u00f6ffnete Versammlung und begr\u00fc\u00dfte die zahlreich erschienenen Mitglieder, f\u00f6rdernde Mitglieder, die Dirigenten Egon Kr\u00e4mer und Andreas Tr\u00f6ster sowie den Ehrenvorsitzenden Hanspeter Tiedemann. Mit einer Schweigeminute gedachten die Anwesenden der Verstorbenen des Musikzuges. Dabei intonierte Stefan Happel das Lied vom guten Kameraden. In ihrem anschlie\u00dfenden Jahresbericht ging Betty Menk auf die musikalischen und gesellschaftlichen H\u00f6hepunkte des Musikzuges in 200 7 ein. Traditionell begann das Jahr mit der Teilnahme am Griedeler Faschingsumzug. Eine Abordnung nahm am akademischen Abend des Kirch-G\u00f6nser Heimat- und Backhausvereins teil. N\u00e4chster Auftritt war der Fr\u00fchschoppen in Holzheim. Erster H\u00f6hepunkt des Jahres war dann ein Konzert im Bundeswehrzelt zu Beginn des Hessentages. Das Musikprogramm kam hervorragend an, sorgte f\u00fcr tolle Stimmung bei den Besuchen, die bei der Zugabe auf B\u00e4nken und Tischen standen und begeistert applaudierten. Eine gro\u00dfe Herausforderung war die Teilnahme am Hessentagumzug, der trotz gro\u00dfer Hitze in voller Uniform durchgef\u00fchrt wurde. Etwas unbefriedigend war ein Probewochenende im Sommer, das in dieser Form nicht mehr durchgef\u00fchrt werden wird. Nach der verschobenen Jahreshauptversammlung nahmen Musikzug und ehemaliger Spielmanns- sowie Fanfarenzug geschlossen an der Kirmes in Bodenrod teil. Es folgte die Teilnahme am Festzug sowie ein Auftritt anl\u00e4sslich des 25-j\u00e4hrigen Jubil\u00e4ums des Heimat- und Backhausvereins. Ein weiterer H\u00f6hepunkt war die Fahrt nach Ainring im Salzburger Land mit mehreren Konzerten, wobei die Geselligkeit nicht zu kurz kam. Ganz klarer H\u00f6hepunkt des Jahres 2007 war das Herbstkonzert in der Alten Turnhalle Butzbach nach vielen Wochen ausgef\u00fcllt mit Proben und sonstigen Vorbereitungen. Betty Menk lobte in diesem Zusammenhang die hohe Probendisziplin. Die aufgebaute Spannung unter den Musikern l\u00f6ste sich mit den ersten Takten auf der B\u00fchne. Sie reagierten auf das begeisterte Publikum und spielten in H\u00f6chstform auf. Es herrschte eine unglaublich tolle Stimmung im Saal, Musiker und Besucher verbrachten einige sehr sch\u00f6ne Stunden miteinander. Zum Abschluss ihrer Ausf\u00fchrungen verwies Betty Menk darauf, dass der Musikzug weiterhin Blockfl\u00f6tenunterricht durch Catharina Heidecke und Diana Herbel anbietet. Anschlie\u00dfend bezeichnete Musikzug-Dirigent Andreas Tr\u00f6ster alle Auftritte in 2007 als sehr gut gelungen. Er freute sich dar\u00fcber, dass mehrere neue Musiker gewonnen werden konnten, die bei den in 2008 geplanten Konzerten mitwirken werden. F\u00fcr die erkrankte Christine Lemke verlas Hans-Peter Tiedemann ihren Bericht \u00fcber die Auftritte des ehemaligen Spielmannszuges. Das Jahr 2007 lie\u00df danach Egon Kr\u00e4mer, der Dirigent des ehemaligen Fanfarenzuges noch einmal Revue passieren. Mittlerweile besteht der Zug aus einundzwanzig Mitgliedern, die bei Auftritten noch durch Frank Mader, Wolfgang Kr\u00e4mer und Michael Thate verst\u00e4rkt werden. Egon Kr\u00e4mer lobt den sehr guten Besuch der \u00dcbungsstunden. Als H\u00f6hepunkte des Jahres bezeichnete er die Fahrt nach Ainring sowie das Mitwirken beim Herbstkonzert. Kassenwart Benjamin Griessl gab dann seinen Bericht \u00fcber die gesunden Finanzen des Musikzuges ab. Die Kassenpr\u00fcfer Franziska M\u00fcller und Markus Becker bescheinigten ihm eine einwandfreie und vorbildliche Kassenf\u00fchrung. Auf ihren Antrag hin wurden Kassenwart und Vorstand einstimmig entlastet. Schriftf\u00fchrer Frank Weber wies daraufhin, dass man die Vereinsverwaltung auf ein neues EDV-Programm umgestellt habe. Zuk\u00fcnftig w\u00fcrden vermehrt Informationen per E-Mail zugeleitet. Vorstandswahlen standen keine an, jedoch wurden mit J\u00fcrgen Nern und William Thum zwei neue Kassenpr\u00fcfer gew\u00e4hlt. Pfarrer William Thum \u00fcberbrachte danach die Gr\u00fc\u00dfe des Kirchenvorstandes und dankte f\u00fcr die Unterst\u00fctzung der Gemeindearbeit. Sodann wurden die Nachwuchsmusiker Lukas Brandenburger, Anthony Keilwerth und Moritz Otto f\u00fcr f\u00fcnf Jahre Mitgliedschaft mit einer Urkunde und einer Anstecknadel von Betty Menk geehrt. Unter dem Punkt Verschiedenes dankte Ehrenvorsitzender Hanspeter Tiedemann Betty Menk und den anderen Vorstandsmitgliedern f\u00fcr ihre geleistete Arbeit und teilte mit, dass die Musikz\u00fcge aus Ainring und dessen Nachbarort Thundorf-Strass an einer weiteren Zusammenarbeit sehr interessiert seien. Unter anderem soll ein Jugendaustausch stattfinden. Mit einem Dank an ihre Vorstandskollegen und alle Mitglieder f\u00fcr deren Engagement beschloss die 1. Vorsitzende Betty Menk die Versammlung.<\/p>\n\n\n\n<p>Bericht und Bilder: Dieter Pfeiffer \/ Kirch-G\u00f6ns (Januar 2008)<\/p>\n\n\n\n<figure class=\"wp-block-gallery has-nested-images columns-default is-cropped wp-block-gallery-1 is-layout-flex wp-block-gallery-is-layout-flex\">\n<figure class=\"wp-block-image size-large\"><img loading=\"lazy\" decoding=\"async\" width=\"269\" height=\"197\" data-id=\"15357\" src=\"http:\/\/875jahrekirchgoens.de\/wp-content\/uploads\/2024\/04\/MZ-Bild1.png\" alt=\"\" class=\"wp-image-15357\"\/><figcaption class=\"wp-element-caption\">F\u00fcr f\u00fcnf Jahre Mitgliedschaft im Musikzug Kirch-G\u00f6ns wurden (v. l.): Lukas Brandenburger, Anthony Keilwerth und Moritz Otto von Betty Menk ausgezeichnet. <\/figcaption><\/figure>\n\n\n\n<figure class=\"wp-block-image size-large\"><img loading=\"lazy\" decoding=\"async\" width=\"317\" height=\"232\" data-id=\"15356\" src=\"http:\/\/875jahrekirchgoens.de\/wp-content\/uploads\/2024\/04\/MZ-Bild2.png\" alt=\"\" class=\"wp-image-15356\" srcset=\"http:\/\/875jahrekirchgoens.de\/wp-content\/uploads\/2024\/04\/MZ-Bild2.png 317w, http:\/\/875jahrekirchgoens.de\/wp-content\/uploads\/2024\/04\/MZ-Bild2-300x220.png 300w\" sizes=\"auto, (max-width: 317px) 100vw, 317px\" \/><figcaption class=\"wp-element-caption\">Einer der H\u00f6hepunkte des vergangenen Jahres war f\u00fcr den Kirch-G\u00f6nser Musikzug der Auftritt am Hessentag. <\/figcaption><\/figure>\n<\/figure>\n","protected":false},"excerpt":{"rendered":"<p>Sehr erfolgreich verlief das Jahr 2007 f\u00fcr den Kirch-G\u00f6nser Musikzug. Die Musikerinnen und Musiker konnten jetzt auf Ihrer Jahreshauptversammlung gleich auf mehrere herausragende Ereignisse zur\u00fcck blicken. Einer der H\u00f6hepunkte des letzen Jahres war sicherlich die Teilnahme am Hessentag, die aber noch durch das Herbstkonzert in der Alten Turnhalle Butzbach \u00fcbertroffen wurde. Die 1. Vorsitzende Betty &#8230; <a title=\"Herbstkonzert war H\u00f6hepunkt f\u00fcr Kirch-G\u00f6nser Musikzug\" class=\"read-more\" href=\"http:\/\/875jahrekirchgoens.de\/?p=15355\" aria-label=\"Mehr Informationen \u00fcber Herbstkonzert war H\u00f6hepunkt f\u00fcr Kirch-G\u00f6nser Musikzug\">Weiterlesen<\/a><\/p>\n","protected":false},"author":1,"featured_media":0,"comment_status":"closed","ping_status":"open","sticky":false,"template":"","format":"standard","meta":{"footnotes":""},"categories":[1],"tags":[],"class_list":["post-15355","post","type-post","status-publish","format-standard","hentry","category-infos"],"_links":{"self":[{"href":"http:\/\/875jahrekirchgoens.de\/index.php?rest_route=\/wp\/v2\/posts\/15355","targetHints":{"allow":["GET"]}}],"collection":[{"href":"http:\/\/875jahrekirchgoens.de\/index.php?rest_route=\/wp\/v2\/posts"}],"about":[{"href":"http:\/\/875jahrekirchgoens.de\/index.php?rest_route=\/wp\/v2\/types\/post"}],"author":[{"embeddable":true,"href":"http:\/\/875jahrekirchgoens.de\/index.php?rest_route=\/wp\/v2\/users\/1"}],"replies":[{"embeddable":true,"href":"http:\/\/875jahrekirchgoens.de\/index.php?rest_route=%2Fwp%2Fv2%2Fcomments&post=15355"}],"version-history":[{"count":1,"href":"http:\/\/875jahrekirchgoens.de\/index.php?rest_route=\/wp\/v2\/posts\/15355\/revisions"}],"predecessor-version":[{"id":15358,"href":"http:\/\/875jahrekirchgoens.de\/index.php?rest_route=\/wp\/v2\/posts\/15355\/revisions\/15358"}],"wp:attachment":[{"href":"http:\/\/875jahrekirchgoens.de\/index.php?rest_route=%2Fwp%2Fv2%2Fmedia&parent=15355"}],"wp:term":[{"taxonomy":"category","embeddable":true,"href":"http:\/\/875jahrekirchgoens.de\/index.php?rest_route=%2Fwp%2Fv2%2Fcategories&post=15355"},{"taxonomy":"post_tag","embeddable":true,"href":"http:\/\/875jahrekirchgoens.de\/index.php?rest_route=%2Fwp%2Fv2%2Ftags&post=15355"}],"curies":[{"name":"wp","href":"https:\/\/api.w.org\/{rel}","templated":true}]}}