{"id":15360,"date":"2007-11-01T15:39:00","date_gmt":"2007-11-01T15:39:00","guid":{"rendered":"http:\/\/875jahrekirchgoens.de\/?p=15360"},"modified":"2024-04-14T15:46:13","modified_gmt":"2024-04-14T15:46:13","slug":"langjaehriger-feuerwehrmann-geehrt","status":"publish","type":"post","link":"http:\/\/875jahrekirchgoens.de\/?p=15360","title":{"rendered":"Langj\u00e4hriger Feuerwehrmann geehrt"},"content":{"rendered":"\n<p>Mit Horst Hunger hat die Freiwillige Feuerwehr Kirch-G\u00f6ns jetzt einen ehemals langj\u00e4hrigen aktiven Brandsch\u00fctzer f\u00fcr \u00fcber f\u00fcnfzigj\u00e4hrige Mitgliedschaft mit der Goldenen Vereinsehrennadel und der Ehrenmitgliedschaft geehrt. An der diesj\u00e4hrigen Jahreshauptversammlung konnte er aus gesundheitlichen Gr\u00fcnden nicht teilnehmen. Daher nahmen der 1. Vorsitzende des Feuerwehrvereins Markus Mohr (rechts) und Wehrf\u00fchrer J\u00f6rg Winter (links) jetzt den siebzigsten Geburtstag von Horst Hunger als passende Gelegenheit wahr, die Ehrung nachtr\u00e4glich vorzunehmen und ein Geschenk zu \u00fcberreichen. Den allermeisten Kirch\u00adG\u00f6nsern ist der Jubilar, im Dorf auch \u201eGarre&#8220; genannt, als Handballlegende ein Begriff. Als Torwart stand er insbesondere zu Gro\u00dfhandballzeiten in der Kirch-G\u00f6nser Mannschaft. Daneben stand er aber auch als aktiver Feuerwehrmann zum Schutze seiner Mitb\u00fcrger bereit. Markus Mohr und J\u00f6rg Winter dankten Horst Hunger f\u00fcr sein langj\u00e4hriges Engagement f\u00fcr die Belange der Feuerwehr und seine Treue zum Verein und w\u00fcnschten ihm f\u00fcr die Zukunft alles Gute. <\/p>\n\n\n\n<p>Bericht und Bild: Dieter Pfeiffer \/ Kirch-G\u00f6ns (November 2007)<\/p>\n\n\n\n<figure class=\"wp-block-image size-full\"><img loading=\"lazy\" decoding=\"async\" width=\"303\" height=\"209\" src=\"http:\/\/875jahrekirchgoens.de\/wp-content\/uploads\/2024\/04\/FF-ehre-Bild1.png\" alt=\"\" class=\"wp-image-15361\" srcset=\"http:\/\/875jahrekirchgoens.de\/wp-content\/uploads\/2024\/04\/FF-ehre-Bild1.png 303w, http:\/\/875jahrekirchgoens.de\/wp-content\/uploads\/2024\/04\/FF-ehre-Bild1-300x207.png 300w\" sizes=\"auto, (max-width: 303px) 100vw, 303px\" \/><\/figure>\n","protected":false},"excerpt":{"rendered":"<p>Mit Horst Hunger hat die Freiwillige Feuerwehr Kirch-G\u00f6ns jetzt einen ehemals langj\u00e4hrigen aktiven Brandsch\u00fctzer f\u00fcr \u00fcber f\u00fcnfzigj\u00e4hrige Mitgliedschaft mit der Goldenen Vereinsehrennadel und der Ehrenmitgliedschaft geehrt. An der diesj\u00e4hrigen Jahreshauptversammlung konnte er aus gesundheitlichen Gr\u00fcnden nicht teilnehmen. Daher nahmen der 1. Vorsitzende des Feuerwehrvereins Markus Mohr (rechts) und Wehrf\u00fchrer J\u00f6rg Winter (links) jetzt den siebzigsten &#8230; <a title=\"Langj\u00e4hriger Feuerwehrmann geehrt\" class=\"read-more\" href=\"http:\/\/875jahrekirchgoens.de\/?p=15360\" aria-label=\"Mehr Informationen \u00fcber Langj\u00e4hriger Feuerwehrmann geehrt\">Weiterlesen<\/a><\/p>\n","protected":false},"author":1,"featured_media":0,"comment_status":"closed","ping_status":"open","sticky":false,"template":"","format":"standard","meta":{"footnotes":""},"categories":[1],"tags":[],"class_list":["post-15360","post","type-post","status-publish","format-standard","hentry","category-infos"],"_links":{"self":[{"href":"http:\/\/875jahrekirchgoens.de\/index.php?rest_route=\/wp\/v2\/posts\/15360","targetHints":{"allow":["GET"]}}],"collection":[{"href":"http:\/\/875jahrekirchgoens.de\/index.php?rest_route=\/wp\/v2\/posts"}],"about":[{"href":"http:\/\/875jahrekirchgoens.de\/index.php?rest_route=\/wp\/v2\/types\/post"}],"author":[{"embeddable":true,"href":"http:\/\/875jahrekirchgoens.de\/index.php?rest_route=\/wp\/v2\/users\/1"}],"replies":[{"embeddable":true,"href":"http:\/\/875jahrekirchgoens.de\/index.php?rest_route=%2Fwp%2Fv2%2Fcomments&post=15360"}],"version-history":[{"count":2,"href":"http:\/\/875jahrekirchgoens.de\/index.php?rest_route=\/wp\/v2\/posts\/15360\/revisions"}],"predecessor-version":[{"id":15364,"href":"http:\/\/875jahrekirchgoens.de\/index.php?rest_route=\/wp\/v2\/posts\/15360\/revisions\/15364"}],"wp:attachment":[{"href":"http:\/\/875jahrekirchgoens.de\/index.php?rest_route=%2Fwp%2Fv2%2Fmedia&parent=15360"}],"wp:term":[{"taxonomy":"category","embeddable":true,"href":"http:\/\/875jahrekirchgoens.de\/index.php?rest_route=%2Fwp%2Fv2%2Fcategories&post=15360"},{"taxonomy":"post_tag","embeddable":true,"href":"http:\/\/875jahrekirchgoens.de\/index.php?rest_route=%2Fwp%2Fv2%2Ftags&post=15360"}],"curies":[{"name":"wp","href":"https:\/\/api.w.org\/{rel}","templated":true}]}}