{"id":15371,"date":"2007-10-01T15:54:00","date_gmt":"2007-10-01T15:54:00","guid":{"rendered":"http:\/\/875jahrekirchgoens.de\/?p=15371"},"modified":"2024-04-14T15:57:07","modified_gmt":"2024-04-14T15:57:07","slug":"langjaehrige-feuerwehrmusiker-geehrt","status":"publish","type":"post","link":"http:\/\/875jahrekirchgoens.de\/?p=15371","title":{"rendered":"Langj\u00e4hrige Feuerwehrmusiker geehrt"},"content":{"rendered":"\n<p><\/p>\n\n\n\n<p>Seit \u00fcber vierzig Jahren sind Alex Myroniuk und J\u00fcrgen Nern im Musikzug der Freiwilligen Feuerwehr Kirch-G\u00f6ns aktiv. F\u00fcr ihre langj\u00e4hrigen Verdienste um die Feuerwehrmusik verlieh der Landesverband der Feuerwehrmusiker den beiden Kirch-G\u00f6nser mit dem Goldenen Ehrenabzeichen jetzt seine h\u00f6chste Auszeichnung. W\u00e4hrend des Herbstkonzertes des Musikzuges Kirch\u00adG\u00f6ns als w\u00fcrdigem Rahmen \u00fcberreichte Kreisstabf\u00fchrer Paul-Heinz Eckhardt aus Florstadt den beiden Feuerwehrmusikern die hohe Auszeichnung zusammen mit der 1. Vorsitzenden Betty Menk. <\/p>\n\n\n\n<p>Bericht und Bild: Dieter Pfeiffer \/ Kirch-G\u00f6ns (Oktober 2007)<\/p>\n\n\n\n<figure class=\"wp-block-image size-full\"><img loading=\"lazy\" decoding=\"async\" width=\"491\" height=\"365\" src=\"http:\/\/875jahrekirchgoens.de\/wp-content\/uploads\/2024\/04\/2007-Mu-Ehr-Bild1.png\" alt=\"\" class=\"wp-image-15370\" srcset=\"http:\/\/875jahrekirchgoens.de\/wp-content\/uploads\/2024\/04\/2007-Mu-Ehr-Bild1.png 491w, http:\/\/875jahrekirchgoens.de\/wp-content\/uploads\/2024\/04\/2007-Mu-Ehr-Bild1-300x223.png 300w\" sizes=\"auto, (max-width: 491px) 100vw, 491px\" \/><figcaption class=\"wp-element-caption\">Von links: Alex Myroniuk, J\u00fcrgen Nern, Betty Menk und Paul-Heinz Eckhardt.<\/figcaption><\/figure>\n","protected":false},"excerpt":{"rendered":"<p>Seit \u00fcber vierzig Jahren sind Alex Myroniuk und J\u00fcrgen Nern im Musikzug der Freiwilligen Feuerwehr Kirch-G\u00f6ns aktiv. F\u00fcr ihre langj\u00e4hrigen Verdienste um die Feuerwehrmusik verlieh der Landesverband der Feuerwehrmusiker den beiden Kirch-G\u00f6nser mit dem Goldenen Ehrenabzeichen jetzt seine h\u00f6chste Auszeichnung. W\u00e4hrend des Herbstkonzertes des Musikzuges Kirch\u00adG\u00f6ns als w\u00fcrdigem Rahmen \u00fcberreichte Kreisstabf\u00fchrer Paul-Heinz Eckhardt aus Florstadt &#8230; <a title=\"Langj\u00e4hrige Feuerwehrmusiker geehrt\" class=\"read-more\" href=\"http:\/\/875jahrekirchgoens.de\/?p=15371\" aria-label=\"Mehr Informationen \u00fcber Langj\u00e4hrige Feuerwehrmusiker geehrt\">Weiterlesen<\/a><\/p>\n","protected":false},"author":1,"featured_media":0,"comment_status":"closed","ping_status":"open","sticky":false,"template":"","format":"standard","meta":{"footnotes":""},"categories":[1],"tags":[],"class_list":["post-15371","post","type-post","status-publish","format-standard","hentry","category-infos"],"_links":{"self":[{"href":"http:\/\/875jahrekirchgoens.de\/index.php?rest_route=\/wp\/v2\/posts\/15371","targetHints":{"allow":["GET"]}}],"collection":[{"href":"http:\/\/875jahrekirchgoens.de\/index.php?rest_route=\/wp\/v2\/posts"}],"about":[{"href":"http:\/\/875jahrekirchgoens.de\/index.php?rest_route=\/wp\/v2\/types\/post"}],"author":[{"embeddable":true,"href":"http:\/\/875jahrekirchgoens.de\/index.php?rest_route=\/wp\/v2\/users\/1"}],"replies":[{"embeddable":true,"href":"http:\/\/875jahrekirchgoens.de\/index.php?rest_route=%2Fwp%2Fv2%2Fcomments&post=15371"}],"version-history":[{"count":1,"href":"http:\/\/875jahrekirchgoens.de\/index.php?rest_route=\/wp\/v2\/posts\/15371\/revisions"}],"predecessor-version":[{"id":15372,"href":"http:\/\/875jahrekirchgoens.de\/index.php?rest_route=\/wp\/v2\/posts\/15371\/revisions\/15372"}],"wp:attachment":[{"href":"http:\/\/875jahrekirchgoens.de\/index.php?rest_route=%2Fwp%2Fv2%2Fmedia&parent=15371"}],"wp:term":[{"taxonomy":"category","embeddable":true,"href":"http:\/\/875jahrekirchgoens.de\/index.php?rest_route=%2Fwp%2Fv2%2Fcategories&post=15371"},{"taxonomy":"post_tag","embeddable":true,"href":"http:\/\/875jahrekirchgoens.de\/index.php?rest_route=%2Fwp%2Fv2%2Ftags&post=15371"}],"curies":[{"name":"wp","href":"https:\/\/api.w.org\/{rel}","templated":true}]}}