{"id":15374,"date":"2007-10-01T15:59:00","date_gmt":"2007-10-01T15:59:00","guid":{"rendered":"http:\/\/875jahrekirchgoens.de\/?p=15374"},"modified":"2024-04-14T16:03:20","modified_gmt":"2024-04-14T16:03:20","slug":"kirch-goenser-musikzug-besuchte-berchtesgadener-land","status":"publish","type":"post","link":"http:\/\/875jahrekirchgoens.de\/?p=15374","title":{"rendered":"Kirch-G\u00f6nser Musikzug besuchte Berchtesgadener Land"},"content":{"rendered":"\n<p>Einen ganz tollen Ausflug mit unvergesslichen Augenblicken unternahm der Kirch-G\u00f6nser Musikzug einschlie\u00dflich seines Fanfarenzuges ins oberbayerische Berchtesgadener Land nach Ainring und Umgebung. Mit dem Bus ging freitags fr\u00fch \u00fcber W\u00fcrzburg, N\u00fcrnberg und M\u00fcnchen bis nach Ainring, einem kleinen Ort an der Grenze zum \u00f6sterreichischen Salzburger Land, wo man im Hotel Rupertihof untergebracht war. <\/p>\n\n\n\n<p>Abends dann der erste Auftritt: im Haus der Volksmusik vor ausverkauftem Saal. Das Publikum ging schon begeistert mit, als der Kirch-G\u00f6nser Fanfarenzug unter Leitung von Egon Kr\u00e4mer einmarschierte. Danach dann e:in dreist\u00fcndiges Konzert des Musikzuges unter der Leitung von Andreas. Tr\u00f6ster mi.t einem bunten Melodienstrauss. Langanhaltender Applaus f\u00fcr die Vorstellung seitens der Besucher hatte mehrere Zugaben zur Folge. Unter den G\u00e4sten befand sich eine Reisegruppe aus Birstein im Vogelsberg, die den Musikzug sogleich f\u00fcr ihr kommendes Jubil\u00e4um verpflichtete. Der Samstag war einem Ausflug an den K\u00f6nigssee mit Besuch der weltber\u00fchmten Wallfahrtskirche St. Bartholm\u00e4 vorbehalten. Mit Blick auf den Wattmann spielte Frank Mader w\u00e4hrend der Bootsfahrt so gekonnt das Echo vom K\u00f6nigssee1, dass ihn der Kapit\u00e4n sofort f\u00fcr weitere Auftritte verpflichten wollte. Mit einem Galaabend mit einem Alleinunterhalter und gem\u00fctlichen Beisammensein schlossen die Kirch-G\u00f6nser Musiker den zweiten Tag ihrer Reise ab.<\/p>\n\n\n\n<p>Am Sonntagvormittag folgte ein Ausflug in das romantische Salzburg, wo bei einer Rundfahrt und einem Spaziergang durch die Altstadt die wichtigsten Sehensw\u00fcrdigkeiten bewundert wurden. Am Nachmittag trafen sich die Musiker mit der\u00b7befreundeten Musikkapelle Thundorf-Stra\u00df, einem Ortsteil von Ainring, zu einem gemeinsamen Konze1t vor dem Gasthof Huber. Es wurde ein unvergesslicher Nachmittag, der unter dem Motto \u201eKaffekranzl und D\u00e4mmerschoppen'&#8220; stand und den etwa vierhundert Einheimische besuchten. Erst spielten Musikzug, Fanfarenzug und Musikkapelle allein verschiedene St\u00fccke, dann jedoch als Kr\u00f6nung der Veranstaltung alle Musikerinnen und Musiker der drei Gruppierungen zusammen. Tosender Applaus war immer der Lohn der Akteure. In hervorragender Stimmung kehrte man am Abend ins Hotel zur\u00fcck, um mit den so genannten \u201esingenden Wirtsleuten'&#8220; Eva-Maria und Thomas Berger sowie den Gruppen \u201eDie fidelen Kirch-G\u00f6nser\u201c und \u201eThundorfer Blechmusi&#8220; noch einige frohe Stunden in geselliger Runde miteinander zu verbringen.<\/p>\n\n\n\n<p>Am n\u00e4chsten Morgen hie\u00df es dann zum Bedauern nicht weniger fr\u00fchzeitig Abschied nehmen von Ainring, die lange Heimfahrt stand an. Im Gep\u00e4ck hatten die Musikerinnen und Musiker des Kirch-G\u00f6nser Musikzuges und des Fanfarenzuges auch einige unvergessliche Erlebnisse und die Erkenntnis: Das war wieder einmal eine wundervolle Ausflugsfahrt.<\/p>\n\n\n\n<figure class=\"wp-block-image size-full\"><img loading=\"lazy\" decoding=\"async\" width=\"304\" height=\"205\" src=\"http:\/\/875jahrekirchgoens.de\/wp-content\/uploads\/2024\/04\/2007-Muzu-bgl-Bild1.png\" alt=\"\" class=\"wp-image-15375\" srcset=\"http:\/\/875jahrekirchgoens.de\/wp-content\/uploads\/2024\/04\/2007-Muzu-bgl-Bild1.png 304w, http:\/\/875jahrekirchgoens.de\/wp-content\/uploads\/2024\/04\/2007-Muzu-bgl-Bild1-300x202.png 300w\" sizes=\"auto, (max-width: 304px) 100vw, 304px\" \/><figcaption class=\"wp-element-caption\">Die Musikerinnen und Musiker aus Thundorf-Stra\u00df und Kirch-G\u00f6ns beim gemeinsamen Konzert.\n\n\n\nBericht und Bild: Dieter Pfeiffer \/ Kirch-G\u00f6ns (Oktober 2007)\n\n<\/figcaption><\/figure>\n\n\n\n<p>von Andreas. Tr\u00f6ster mi.t einem bunten Melodienstrauss. Langanhaltender Applaus f\u00fcr die Vorstellung seitens der Besucher hatte mehrere Zugaben zur Folge. Unter den G\u00e4sten befand sich eine Reisegruppe aus Birstein im Vogelsberg, die den Musikzug sogleich f\u00fcr ihr kommendes Jubil\u00e4um verpflichtete. Der Samstag war einem Ausflug an den K\u00f6nigssee mit Besuch der weltber\u00fchmten Wallfahrtskirche St. Bartholm\u00e4 vorbehalten. Mit Blick auf den Wattmann spielte Frank Mader w\u00e4hrend der Bootsfahrt so gekonnt das Echo vom K\u00f6nigssee1, dass ihn der Kapit\u00e4n sofort f\u00fcr weitere Auftritte verpflichten wollte. Mit einem Galaabend mit einem Alleinunterhalter und gem\u00fctlichen Beisammensein schlossen die Kirch-G\u00f6nser Musiker den zweiten Tag ihrer Reise ab. Am Sonntagvormittag folgte ein Ausflug in das romantische Salzburg, wo bei einer Rundfahrt und einem Spaziergang durch die Altstadt die wichtigsten Sehensw\u00fcrdigkeiten bewundert wurden. Am Nachmittag trafen sich die Musiker mit der\u00b7befreundeten Musikkapelle Thundorf-Stra\u00df, einem Ortsteil von Ainring, zu einem gemeinsamen Konze1t vor dem Gasthof Huber. Es wurde ein unvergesslicher Nachmittag, der unter dem Motto \u201eKaffekranzl und D\u00e4mmerschoppen'&#8220; stand und den etwa vierhundert Einheimische besuchten. Erst spielten Musikzug, Fanfarenzug und Musikkapelle allein verschiedene St\u00fccke, dann jedoch als Kr\u00f6nung der Veranstaltung alle Musikerinnen und Musiker der drei Gruppierungen zusammen. Tosender Applaus war immer der Lohn der Akteure. In hervorragender Stimmung kehrte man am Abend ins Hotel zur\u00fcck, um mit den so genannten \u201esingenden Wirtsleuten'&#8220; Eva-Maria und Thomas Berger sowie den Gruppen \u201eDie fidelen Kirch-G\u00f6nser\u201c und \u201eThundorfer Blechmusi&#8220; noch einige frohe Stunden in gese1liger Runde miteinander zu verbringen. Am n\u00e4chsten Morgen hie\u00df es dann zum Bedauern nicht weniger fr\u00fchzeitig Abschied nehmen von Ainring, die lange Heimfahrt stand an. Im Gep\u00e4ck hatten die Musikerinnen und Musiker des Kirch-G\u00f6nser Musikzuges und des Fanfarenzuges auch einige unvergessliche Erlebnisse und die Erkenntnis: Das war wieder einmal eine wundervolle Ausflugsfahrt.<\/p>\n","protected":false},"excerpt":{"rendered":"<p>Einen ganz tollen Ausflug mit unvergesslichen Augenblicken unternahm der Kirch-G\u00f6nser Musikzug einschlie\u00dflich seines Fanfarenzuges ins oberbayerische Berchtesgadener Land nach Ainring und Umgebung. Mit dem Bus ging freitags fr\u00fch \u00fcber W\u00fcrzburg, N\u00fcrnberg und M\u00fcnchen bis nach Ainring, einem kleinen Ort an der Grenze zum \u00f6sterreichischen Salzburger Land, wo man im Hotel Rupertihof untergebracht war. Abends dann &#8230; <a title=\"Kirch-G\u00f6nser Musikzug besuchte Berchtesgadener Land\" class=\"read-more\" href=\"http:\/\/875jahrekirchgoens.de\/?p=15374\" aria-label=\"Mehr Informationen \u00fcber Kirch-G\u00f6nser Musikzug besuchte Berchtesgadener Land\">Weiterlesen<\/a><\/p>\n","protected":false},"author":1,"featured_media":0,"comment_status":"closed","ping_status":"open","sticky":false,"template":"","format":"standard","meta":{"footnotes":""},"categories":[1],"tags":[],"class_list":["post-15374","post","type-post","status-publish","format-standard","hentry","category-infos"],"_links":{"self":[{"href":"http:\/\/875jahrekirchgoens.de\/index.php?rest_route=\/wp\/v2\/posts\/15374","targetHints":{"allow":["GET"]}}],"collection":[{"href":"http:\/\/875jahrekirchgoens.de\/index.php?rest_route=\/wp\/v2\/posts"}],"about":[{"href":"http:\/\/875jahrekirchgoens.de\/index.php?rest_route=\/wp\/v2\/types\/post"}],"author":[{"embeddable":true,"href":"http:\/\/875jahrekirchgoens.de\/index.php?rest_route=\/wp\/v2\/users\/1"}],"replies":[{"embeddable":true,"href":"http:\/\/875jahrekirchgoens.de\/index.php?rest_route=%2Fwp%2Fv2%2Fcomments&post=15374"}],"version-history":[{"count":1,"href":"http:\/\/875jahrekirchgoens.de\/index.php?rest_route=\/wp\/v2\/posts\/15374\/revisions"}],"predecessor-version":[{"id":15376,"href":"http:\/\/875jahrekirchgoens.de\/index.php?rest_route=\/wp\/v2\/posts\/15374\/revisions\/15376"}],"wp:attachment":[{"href":"http:\/\/875jahrekirchgoens.de\/index.php?rest_route=%2Fwp%2Fv2%2Fmedia&parent=15374"}],"wp:term":[{"taxonomy":"category","embeddable":true,"href":"http:\/\/875jahrekirchgoens.de\/index.php?rest_route=%2Fwp%2Fv2%2Fcategories&post=15374"},{"taxonomy":"post_tag","embeddable":true,"href":"http:\/\/875jahrekirchgoens.de\/index.php?rest_route=%2Fwp%2Fv2%2Ftags&post=15374"}],"curies":[{"name":"wp","href":"https:\/\/api.w.org\/{rel}","templated":true}]}}