{"id":15378,"date":"2007-10-01T16:06:00","date_gmt":"2007-10-01T16:06:00","guid":{"rendered":"http:\/\/875jahrekirchgoens.de\/?p=15378"},"modified":"2024-04-14T16:10:01","modified_gmt":"2024-04-14T16:10:01","slug":"kirch-goenser-musikzug-begeisterte-sein-publikum","status":"publish","type":"post","link":"http:\/\/875jahrekirchgoens.de\/?p=15378","title":{"rendered":"Kirch-G\u00f6nser Musikzug begeisterte sein Publikum"},"content":{"rendered":"\n<p>Mit seinem Herbstkonzert in der Alten Turnhalle Butzbach begeisterte der Musikzug Kirch-G\u00f6ns sein Publikum. Vor vollbesetztem Saal boten die drei\u00dfig Musikerinnen und <em>1 <\/em>Musiker erfrischende und unterhaltsame Musik, zeigten das breite Spektrum ihres K\u00f6nnens unter der Stabf\u00fchrung von Andreas Tr\u00f6ster. Dieser hat ersichtlich und un\u00fcberh\u00f6rbar in den letzten Jahren aus dem Musikzug Kirch\u00adG\u00f6ns einen herausragenden \u00fcberdurchschnittlichen Klangk\u00f6rper geformt, unter anderem durch Einbinden von Nachwuchsmusikern aus den eigenen Reihen. So gaben jetzt in der Alten Turnhalle drei Jugendliche des Musikzuges, Sinja B\u00f6hmer (Schlagzeug), Anthony Keilwerth und Lucas Brandenburger (beide Altsaxophon) erfolgreich ihr Konzertdeb\u00fct. Zu Beginn des Konzertes begr\u00fc\u00dfte die Vorsitzende des Kirch-G\u00f6nser Musikzuges Betty Ann Menk die Besucher, insbesondere Frau Nicole Klingenh\u00f6fer, die Sachbearbeiterin der Stadtverwaltung f\u00fcr Fragen der Feuerwehren und Feuerwehrmusik sowie Kreisstabf\u00fchrer Paul-Heinz Eckhardt aus Florstadt. Danach \u00fcbernahm Jennifer Menk die Moderation. Durch das gemeinsame Konzert mit der Butzbacher Feuerwehrkapelle im letzten Jahr sei man stark motiviert worden zum ersten Mal allein eine derartige Veranstaltung durchzuf\u00fchren. Mit dem erneuten Motto \u201eF\u00fcr unsere Freunde&#8220; wolle man an das tolle letztj\u00e4hrige Konzert ankn\u00fcpfen. Und das diesj\u00e4hrige begannen die Musikerinnen und Musiker sodann furios mit dem St\u00fcck \u201eCelebration Countdown&#8220; des Belgiers Jan Ceulemans. Anschlie\u00dfend entf\u00fchrte der Musikzug seine Zuh\u00f6rer in die Weiten der nordamerikanischen Pr\u00e4rie des Jahres 1892, als dort Antonin Dvorak die seinerzeitige Aufbruchstimmung der \u201eneuen&#8220; Welt ersp\u00fcrte und in Noten fasste. Pferdegetrappel und Eisenbahnger\u00e4usche waren deutlich herauszuh\u00f6ren. Danach ging es wieder zur\u00fcck in die \u201ealte&#8220; Welt, nach England, nach Europa der 1960-er Jahre mit einem Medley von Beatles-Titeln wie \u00a0Yesterday, Michelle und Yellow Submarine. Dann ein erneuter Sprung in die USA mit einem Medley aus verschiedenen Rock n Roll St\u00fccken zur Erinnerung an Elvis Presley und andere Gr\u00f6\u00dfen dieses Musikstils. Bei dem anschlie\u00dfenden Titel \u201eGive us peace&#8220; brillierten Frank Mader und Michael Thate als Solotrompeter. Mit dem laut Moderatorin Jennifer Menk Lieblingsst\u00fcck der Musiker \u201eMusic&#8220; von John Miles (Musik ist mein Leben) l\u00e4utete der Musikzug die Endphase des ersten Teiles des Herbstkonzertes ein. Dieser wurde beschlossen durch den traditionellen Marsch der Mediziner \u201eMars de Medici&#8220; von Johan Wichers. Nach ihrer wohlverdienten Pause nahmen die Musikerinnen und Musiker mit dem St\u00fcck \u201eMit vollen Segeln&#8220; von Klaus Strobel wieder Fahrtwind f\u00fcr den zweiten Teil des Konzertes auf. Danach kam die gef\u00fchlvolle Ballade \u201eIts all coming back to me now&#8220; von Jim Steinman, weltber\u00fchmt geworden durch die Interpretationen verschiedener K\u00fcnstler wie Celine Dion oder Meat Loaf. Es folgte ein Medley \u201eLet me entertain you&#8220; mit St\u00fccken von Robbie Williams, darunter Road to Mandalay, Angels und Supreme. Von dem britischen S\u00e4nger ging der Musikzug zur us-amerikanischen Band \u201eToto&#8220; \u00fcber und gab ein Medley zum Besten mit St\u00fccken wie Africa, Rosanna und Stop loving you. Und nat\u00fcrlich durfte bei einem so vielseitigen Konzert, wie es der Kirch-G\u00f6nser Musikzug bot, eine Band wie \u201eAbba&#8220; nicht fehlen, die mit dem Ohrwurm \u201eThank you for the music&#8220; vertreten war. Mit dem Titel ,,Amen&#8216; von Pavel Stanek endete anschlie\u00dfend der offizielle Teil des Herbstkonzertes. Hatte das Publikum schon vorher bei allen vorgetragenen St\u00fccken mit starkem Applaus den Musikerinnen und Musikern f\u00fcr ihr Spiel gedankt, brandete jetzt lang anhaltender Beifall auf und wurde der Ruf \u201eZugabe&#8220; laut. Bei solchen \u201eStanding Ovations&#8220; kam der Musikzug nicht umhin, noch drei Zugaben zu spielen. Als erstes wurde der bekannte \u201eSteigermarsch&#8220; aufgef\u00fchrt, und zwar in etwas ungew\u00f6hnlicher Form. Mitten im Spiel wurden die Instrumente bei Seite gelegte und alle Musikerinnen und Musiker erhoben sich und sangen den Text zum St\u00fcck. Eine weitere Zugabe war \u201eI will follow him&#8220; bevor mit dem Marsch \u201eAlte Kameraden&#8220; und anschlie\u00dfend noch einmal tosendem Applaus das Herbstkonzert des Kirch-G\u00f6nser Musikzuges endg\u00fcltig beendet war.<\/p>\n\n\n\n<p>Bericht und Bilder: Dieter Pfeiffer \/ Kirch-G\u00f6ns (Oktober 2007)<\/p>\n\n\n\n<figure class=\"wp-block-gallery has-nested-images columns-default is-cropped wp-block-gallery-1 is-layout-flex wp-block-gallery-is-layout-flex\">\n<figure class=\"wp-block-image size-large\"><img loading=\"lazy\" decoding=\"async\" width=\"277\" height=\"205\" data-id=\"15382\" src=\"http:\/\/875jahrekirchgoens.de\/wp-content\/uploads\/2024\/04\/muzu-be-Bild4.png\" alt=\"\" class=\"wp-image-15382\"\/><\/figure>\n\n\n\n<figure class=\"wp-block-image size-large\"><img loading=\"lazy\" decoding=\"async\" width=\"293\" height=\"205\" data-id=\"15380\" src=\"http:\/\/875jahrekirchgoens.de\/wp-content\/uploads\/2024\/04\/muzu-be-Bild2.png\" alt=\"\" class=\"wp-image-15380\"\/><\/figure>\n\n\n\n<figure class=\"wp-block-image size-large\"><img loading=\"lazy\" decoding=\"async\" width=\"279\" height=\"206\" data-id=\"15381\" src=\"http:\/\/875jahrekirchgoens.de\/wp-content\/uploads\/2024\/04\/muzu-be-Bild3.png\" alt=\"\" class=\"wp-image-15381\"\/><\/figure>\n\n\n\n<figure class=\"wp-block-image size-large\"><img loading=\"lazy\" decoding=\"async\" width=\"276\" height=\"206\" data-id=\"15379\" src=\"http:\/\/875jahrekirchgoens.de\/wp-content\/uploads\/2024\/04\/2007-muzu-bei-Bild1.png\" alt=\"\" class=\"wp-image-15379\"\/><\/figure>\n<\/figure>\n","protected":false},"excerpt":{"rendered":"<p>Mit seinem Herbstkonzert in der Alten Turnhalle Butzbach begeisterte der Musikzug Kirch-G\u00f6ns sein Publikum. Vor vollbesetztem Saal boten die drei\u00dfig Musikerinnen und 1 Musiker erfrischende und unterhaltsame Musik, zeigten das breite Spektrum ihres K\u00f6nnens unter der Stabf\u00fchrung von Andreas Tr\u00f6ster. Dieser hat ersichtlich und un\u00fcberh\u00f6rbar in den letzten Jahren aus dem Musikzug Kirch\u00adG\u00f6ns einen herausragenden &#8230; <a title=\"Kirch-G\u00f6nser Musikzug begeisterte sein Publikum\" class=\"read-more\" href=\"http:\/\/875jahrekirchgoens.de\/?p=15378\" aria-label=\"Mehr Informationen \u00fcber Kirch-G\u00f6nser Musikzug begeisterte sein Publikum\">Weiterlesen<\/a><\/p>\n","protected":false},"author":1,"featured_media":0,"comment_status":"closed","ping_status":"open","sticky":false,"template":"","format":"standard","meta":{"footnotes":""},"categories":[1],"tags":[],"class_list":["post-15378","post","type-post","status-publish","format-standard","hentry","category-infos"],"_links":{"self":[{"href":"http:\/\/875jahrekirchgoens.de\/index.php?rest_route=\/wp\/v2\/posts\/15378","targetHints":{"allow":["GET"]}}],"collection":[{"href":"http:\/\/875jahrekirchgoens.de\/index.php?rest_route=\/wp\/v2\/posts"}],"about":[{"href":"http:\/\/875jahrekirchgoens.de\/index.php?rest_route=\/wp\/v2\/types\/post"}],"author":[{"embeddable":true,"href":"http:\/\/875jahrekirchgoens.de\/index.php?rest_route=\/wp\/v2\/users\/1"}],"replies":[{"embeddable":true,"href":"http:\/\/875jahrekirchgoens.de\/index.php?rest_route=%2Fwp%2Fv2%2Fcomments&post=15378"}],"version-history":[{"count":1,"href":"http:\/\/875jahrekirchgoens.de\/index.php?rest_route=\/wp\/v2\/posts\/15378\/revisions"}],"predecessor-version":[{"id":15383,"href":"http:\/\/875jahrekirchgoens.de\/index.php?rest_route=\/wp\/v2\/posts\/15378\/revisions\/15383"}],"wp:attachment":[{"href":"http:\/\/875jahrekirchgoens.de\/index.php?rest_route=%2Fwp%2Fv2%2Fmedia&parent=15378"}],"wp:term":[{"taxonomy":"category","embeddable":true,"href":"http:\/\/875jahrekirchgoens.de\/index.php?rest_route=%2Fwp%2Fv2%2Fcategories&post=15378"},{"taxonomy":"post_tag","embeddable":true,"href":"http:\/\/875jahrekirchgoens.de\/index.php?rest_route=%2Fwp%2Fv2%2Ftags&post=15378"}],"curies":[{"name":"wp","href":"https:\/\/api.w.org\/{rel}","templated":true}]}}