{"id":15385,"date":"2007-10-01T16:12:00","date_gmt":"2007-10-01T16:12:00","guid":{"rendered":"http:\/\/875jahrekirchgoens.de\/?p=15385"},"modified":"2024-04-14T16:13:18","modified_gmt":"2024-04-14T16:13:18","slug":"kirch-goenser-einsatzabteilung-besuchte-burg-greifenstein","status":"publish","type":"post","link":"http:\/\/875jahrekirchgoens.de\/?p=15385","title":{"rendered":"Kirch-G\u00f6nser Einsatzabteilung besuchte Burg Greifenstein"},"content":{"rendered":"\n<p>Die Burg Greifenstein am Rande des Westerwaldes war das Ziel des diesj\u00e4hrigen Ausfluges der Einsatzabteilung der Freiwilligen Feuerwehr Kirch-G\u00f6ns. Neben den aktiven Feuerwehrleuten nahmen auch Stadtbrandinspektor Dieter Winter, Pfarrer William Thum mit Ehefrau Ilka sowie vom Musikzug die l. Vorsitzende Betty Menk und Ehrenvorsitzender Hanspeter Tiedemann am Ausflug teil. In gem\u00fctlicher Runde bei einem gemeinsamen Ritteressen lie\u00dfen die Feuerwehrleute die bisherigen Eins\u00e4tze dieses Jahres Revue passieren. Herausragend dabei die Teilnahme an der Bek\u00e4mpfung der Br\u00e4nde in der ehemalige Landmaschinenfabrik Tr\u00f6ster in Butzbach und eines Hauses in Kirch-G\u00f6ns selbst. Zum Ritteressen hatten die Kirch-G\u00f6ner auch Oberstleutnant Helmut Scharfenberg vom Landeskommando Hessen in Wiesbaden eingeladen, mit dem man w\u00e4hrend des Hessentages eng zusammengearbeitet hatte. Der ebenfalls geladene Oberstleutnant Stickler konnte aus terminlichen Gr\u00fcnden nicht teilnehmen. Bei musikalischer Unterhaltung durch zwei Minnes\u00e4nger, die unter anderem mit Liedern des Walther von der Vogelweide brillierten, verbrachten die Ausfl\u00fcgler einige frohe Stunden miteinander. Unser Foto zeigt die Kirch-G\u00f6nser Feuerwehrleute mit ihren G\u00e4sten vor der Mauer\u00b7von Burg Greifenstein, in der sich auch ein sehenswertes Glockenmuseum befindet.<\/p>\n\n\n\n<p>Bericht und Bild: Dieter Pfeiffer \/ Kirch-G\u00f6ns (Oktober 2007)<\/p>\n\n\n\n<figure class=\"wp-block-image size-full\"><img loading=\"lazy\" decoding=\"async\" width=\"432\" height=\"287\" src=\"http:\/\/875jahrekirchgoens.de\/wp-content\/uploads\/2024\/04\/2007-Ausf-Bild1.png\" alt=\"\" class=\"wp-image-15386\" srcset=\"http:\/\/875jahrekirchgoens.de\/wp-content\/uploads\/2024\/04\/2007-Ausf-Bild1.png 432w, http:\/\/875jahrekirchgoens.de\/wp-content\/uploads\/2024\/04\/2007-Ausf-Bild1-300x199.png 300w\" sizes=\"auto, (max-width: 432px) 100vw, 432px\" \/><\/figure>\n","protected":false},"excerpt":{"rendered":"<p>Die Burg Greifenstein am Rande des Westerwaldes war das Ziel des diesj\u00e4hrigen Ausfluges der Einsatzabteilung der Freiwilligen Feuerwehr Kirch-G\u00f6ns. Neben den aktiven Feuerwehrleuten nahmen auch Stadtbrandinspektor Dieter Winter, Pfarrer William Thum mit Ehefrau Ilka sowie vom Musikzug die l. Vorsitzende Betty Menk und Ehrenvorsitzender Hanspeter Tiedemann am Ausflug teil. In gem\u00fctlicher Runde bei einem gemeinsamen &#8230; <a title=\"Kirch-G\u00f6nser Einsatzabteilung besuchte Burg Greifenstein\" class=\"read-more\" href=\"http:\/\/875jahrekirchgoens.de\/?p=15385\" aria-label=\"Mehr Informationen \u00fcber Kirch-G\u00f6nser Einsatzabteilung besuchte Burg Greifenstein\">Weiterlesen<\/a><\/p>\n","protected":false},"author":1,"featured_media":0,"comment_status":"closed","ping_status":"open","sticky":false,"template":"","format":"standard","meta":{"footnotes":""},"categories":[1],"tags":[],"class_list":["post-15385","post","type-post","status-publish","format-standard","hentry","category-infos"],"_links":{"self":[{"href":"http:\/\/875jahrekirchgoens.de\/index.php?rest_route=\/wp\/v2\/posts\/15385","targetHints":{"allow":["GET"]}}],"collection":[{"href":"http:\/\/875jahrekirchgoens.de\/index.php?rest_route=\/wp\/v2\/posts"}],"about":[{"href":"http:\/\/875jahrekirchgoens.de\/index.php?rest_route=\/wp\/v2\/types\/post"}],"author":[{"embeddable":true,"href":"http:\/\/875jahrekirchgoens.de\/index.php?rest_route=\/wp\/v2\/users\/1"}],"replies":[{"embeddable":true,"href":"http:\/\/875jahrekirchgoens.de\/index.php?rest_route=%2Fwp%2Fv2%2Fcomments&post=15385"}],"version-history":[{"count":1,"href":"http:\/\/875jahrekirchgoens.de\/index.php?rest_route=\/wp\/v2\/posts\/15385\/revisions"}],"predecessor-version":[{"id":15387,"href":"http:\/\/875jahrekirchgoens.de\/index.php?rest_route=\/wp\/v2\/posts\/15385\/revisions\/15387"}],"wp:attachment":[{"href":"http:\/\/875jahrekirchgoens.de\/index.php?rest_route=%2Fwp%2Fv2%2Fmedia&parent=15385"}],"wp:term":[{"taxonomy":"category","embeddable":true,"href":"http:\/\/875jahrekirchgoens.de\/index.php?rest_route=%2Fwp%2Fv2%2Fcategories&post=15385"},{"taxonomy":"post_tag","embeddable":true,"href":"http:\/\/875jahrekirchgoens.de\/index.php?rest_route=%2Fwp%2Fv2%2Ftags&post=15385"}],"curies":[{"name":"wp","href":"https:\/\/api.w.org\/{rel}","templated":true}]}}