{"id":15390,"date":"2007-10-01T16:15:00","date_gmt":"2007-10-01T16:15:00","guid":{"rendered":"http:\/\/875jahrekirchgoens.de\/?p=15390"},"modified":"2024-04-14T16:16:25","modified_gmt":"2024-04-14T16:16:25","slug":"herbstkonzert-des-musikzuges-kirch-goens","status":"publish","type":"post","link":"http:\/\/875jahrekirchgoens.de\/?p=15390","title":{"rendered":"Herbstkonzert des Musikzuges Kirch-G\u00f6ns"},"content":{"rendered":"\n<p>F\u00fcr seinen herbstlichen Konzertabend in der Alten Turnhalle Butzbach \u00fcbt der Kirch-G\u00f6nser Musikzug schon seit Monaten. Allein zehn neue Titel haben die Musikerinnen und Musiker in ihr Repertoire aufgenommen, um sich wie schon im letzten Herbst in die Herzen ihrer Zuh\u00f6rer zu spielen. Unvergessen und noch in guter Erinnerung f\u00fcr alle Besucher ist das erste gemeinsame Konzert des Kirch\u00ad G\u00f6nser Musikzuges und der Feuerwehrkapelle Butzbach in der damals ausverkauften Alten Turnhalle. Beide Klangk\u00f6rper sorgten mit einem musikalischen Feuerwerk f\u00fcr tolle Stimmung im Saal. In diesem Jahr allerdings werden die Kirch-G\u00f6nser Musiker das Konzert alleine bestreiten, da die Feuerwehrkapelle Butzbach aus terminlichen Gr\u00fcnden nicht teilnehmen kann_ Unter der Leitung von Andreas Tr\u00f6ster wird der Kirch-G\u00f6nser Musikzug am Samstag, den 10. November 2007, ab 20.00, Uhr sein Herbstkonzert unter dem Motto ,,F\u00fcr unsere Freunde&#8220; veranstalten. Mit einem musikalischen Reigen von Melodien aus aller Welt vom Marsch \u00fcber Klassik und Rock&#8217;n Ro11 bis hin zu Medleys werden die drei\u00dfig Musikerinnen und Musiker erneut ihr Publikum. begeistern und wieder ein Glanzlicht in der Butzbacher Kulturszene setzen. Einlass f\u00fcr die Besucher ist 19.00 Uhr. Die Pl\u00e4tze der Konzertbestuhlung sind nicht nummeriert. Der Eintritt betr\u00e4gt 5,- Euro im Vorverkauf und 6,- Euro an der Abendkasse. Karten f\u00fcr den Konzertabend sind ab Freitag, den 19. Oktober, in den Vorverkaufsstellen B\u00e4ckerei Steinm\u00fcller Kirch-G\u00f6ns (06033\/64200), Lebensmittel Herbel Pohl-G\u00f6ns (06033\/60439) sowie Reiseb\u00fcro Thomas Cook Butzbach (06033\/698) erh\u00e4ltlich. Oder k\u00f6nnen per E-Mail unter <a href=\"mailto:HanspeterTiedemann@gmx.de\">HanspeterTiedemann@gmx.de<\/a> bestellt werden.<\/p>\n\n\n\n<p>Bericht und Bild: Dieter Pfeiffer \/ Kirch-G\u00f6ns (Oktober 2007)<\/p>\n\n\n\n<figure class=\"wp-block-image size-full\"><img loading=\"lazy\" decoding=\"async\" width=\"496\" height=\"271\" src=\"http:\/\/875jahrekirchgoens.de\/wp-content\/uploads\/2024\/04\/2007-muzu-Bild1.png\" alt=\"\" class=\"wp-image-15389\" srcset=\"http:\/\/875jahrekirchgoens.de\/wp-content\/uploads\/2024\/04\/2007-muzu-Bild1.png 496w, http:\/\/875jahrekirchgoens.de\/wp-content\/uploads\/2024\/04\/2007-muzu-Bild1-300x164.png 300w\" sizes=\"auto, (max-width: 496px) 100vw, 496px\" \/><\/figure>\n","protected":false},"excerpt":{"rendered":"<p>F\u00fcr seinen herbstlichen Konzertabend in der Alten Turnhalle Butzbach \u00fcbt der Kirch-G\u00f6nser Musikzug schon seit Monaten. Allein zehn neue Titel haben die Musikerinnen und Musiker in ihr Repertoire aufgenommen, um sich wie schon im letzten Herbst in die Herzen ihrer Zuh\u00f6rer zu spielen. Unvergessen und noch in guter Erinnerung f\u00fcr alle Besucher ist das erste &#8230; <a title=\"Herbstkonzert des Musikzuges Kirch-G\u00f6ns\" class=\"read-more\" href=\"http:\/\/875jahrekirchgoens.de\/?p=15390\" aria-label=\"Mehr Informationen \u00fcber Herbstkonzert des Musikzuges Kirch-G\u00f6ns\">Weiterlesen<\/a><\/p>\n","protected":false},"author":1,"featured_media":0,"comment_status":"closed","ping_status":"open","sticky":false,"template":"","format":"standard","meta":{"footnotes":""},"categories":[1],"tags":[],"class_list":["post-15390","post","type-post","status-publish","format-standard","hentry","category-infos"],"_links":{"self":[{"href":"http:\/\/875jahrekirchgoens.de\/index.php?rest_route=\/wp\/v2\/posts\/15390","targetHints":{"allow":["GET"]}}],"collection":[{"href":"http:\/\/875jahrekirchgoens.de\/index.php?rest_route=\/wp\/v2\/posts"}],"about":[{"href":"http:\/\/875jahrekirchgoens.de\/index.php?rest_route=\/wp\/v2\/types\/post"}],"author":[{"embeddable":true,"href":"http:\/\/875jahrekirchgoens.de\/index.php?rest_route=\/wp\/v2\/users\/1"}],"replies":[{"embeddable":true,"href":"http:\/\/875jahrekirchgoens.de\/index.php?rest_route=%2Fwp%2Fv2%2Fcomments&post=15390"}],"version-history":[{"count":1,"href":"http:\/\/875jahrekirchgoens.de\/index.php?rest_route=\/wp\/v2\/posts\/15390\/revisions"}],"predecessor-version":[{"id":15391,"href":"http:\/\/875jahrekirchgoens.de\/index.php?rest_route=\/wp\/v2\/posts\/15390\/revisions\/15391"}],"wp:attachment":[{"href":"http:\/\/875jahrekirchgoens.de\/index.php?rest_route=%2Fwp%2Fv2%2Fmedia&parent=15390"}],"wp:term":[{"taxonomy":"category","embeddable":true,"href":"http:\/\/875jahrekirchgoens.de\/index.php?rest_route=%2Fwp%2Fv2%2Fcategories&post=15390"},{"taxonomy":"post_tag","embeddable":true,"href":"http:\/\/875jahrekirchgoens.de\/index.php?rest_route=%2Fwp%2Fv2%2Ftags&post=15390"}],"curies":[{"name":"wp","href":"https:\/\/api.w.org\/{rel}","templated":true}]}}