{"id":15395,"date":"2024-04-22T12:44:37","date_gmt":"2024-04-22T12:44:37","guid":{"rendered":"http:\/\/875jahrekirchgoens.de\/?p=15395"},"modified":"2024-04-30T12:46:32","modified_gmt":"2024-04-30T12:46:32","slug":"1-mai-feier","status":"publish","type":"post","link":"http:\/\/875jahrekirchgoens.de\/?p=15395","title":{"rendered":"1. Mai-Feier"},"content":{"rendered":"\n<p>Am Mittwoch, 1. Mai 2024, findet ab 11.00 Uhr zum sechzehnten Mal die traditionelle 1. Mai-Feier des Turnverein Vorw\u00e4rts 1891 Kirch-G\u00f6ns e. V. auf dem Sportplatzgel\u00e4nde Kirch-G\u00f6ns statt. Den G\u00e4sten stehen wie gewohnt Grillspezialit\u00e4ten, gepflegte und gek\u00fchlte Biere vom Fass sowie eine Auswahl an alkoholfreien Getr\u00e4nken zur Verf\u00fcgung. F\u00fcr Kaffee und Kuchen wird am Nachmittag gesorgt sein. Spielattraktionen wie eine H\u00fcpfburg f\u00fcr die Kleinsten wird angeboten. Neben dem traditionellen Gewinnspiel kann von 11.00 \u2013 13.00 Uhr an der Bogenschie\u00dfstation die Treffsicherheit gepr\u00fcft werden. Des Weiteren wird eine Fu\u00dfballdartscheibe f\u00fcr Abwechslung sorgen. Hier k\u00f6nnen sich die Teilnehmer messen. Der TV l\u00e4dt hierzu die gesamte Bev\u00f6lkerung ein und hofft auf gutes Wetter, damit auch wieder die Wanderer und Radfahrer einen Abstecher nach Kirch-G\u00f6ns machen.<\/p>\n\n\n\n<p>Das Bild zeigt die Besucher bei der letzten Maifeier des TV Kirch-G\u00f6ns.<\/p>\n\n\n\n<figure class=\"wp-block-image size-full\"><img loading=\"lazy\" decoding=\"async\" width=\"454\" height=\"340\" src=\"http:\/\/875jahrekirchgoens.de\/wp-content\/uploads\/2024\/04\/2024-1.Mai-Bild1.jpg\" alt=\"\" class=\"wp-image-15394\" srcset=\"http:\/\/875jahrekirchgoens.de\/wp-content\/uploads\/2024\/04\/2024-1.Mai-Bild1.jpg 454w, http:\/\/875jahrekirchgoens.de\/wp-content\/uploads\/2024\/04\/2024-1.Mai-Bild1-300x225.jpg 300w\" sizes=\"auto, (max-width: 454px) 100vw, 454px\" \/><\/figure>\n\n\n\n<p>Das Bild zeigt die Besucher bei der letzten Maifeier des TV Kirch-G\u00f6ns.<\/p>\n","protected":false},"excerpt":{"rendered":"<p>Am Mittwoch, 1. Mai 2024, findet ab 11.00 Uhr zum sechzehnten Mal die traditionelle 1. Mai-Feier des Turnverein Vorw\u00e4rts 1891 Kirch-G\u00f6ns e. V. auf dem Sportplatzgel\u00e4nde Kirch-G\u00f6ns statt. Den G\u00e4sten stehen wie gewohnt Grillspezialit\u00e4ten, gepflegte und gek\u00fchlte Biere vom Fass sowie eine Auswahl an alkoholfreien Getr\u00e4nken zur Verf\u00fcgung. F\u00fcr Kaffee und Kuchen wird am Nachmittag &#8230; <a title=\"1. Mai-Feier\" class=\"read-more\" href=\"http:\/\/875jahrekirchgoens.de\/?p=15395\" aria-label=\"Mehr Informationen \u00fcber 1. Mai-Feier\">Weiterlesen<\/a><\/p>\n","protected":false},"author":1,"featured_media":0,"comment_status":"closed","ping_status":"open","sticky":false,"template":"","format":"standard","meta":{"footnotes":""},"categories":[1],"tags":[],"class_list":["post-15395","post","type-post","status-publish","format-standard","hentry","category-infos"],"_links":{"self":[{"href":"http:\/\/875jahrekirchgoens.de\/index.php?rest_route=\/wp\/v2\/posts\/15395","targetHints":{"allow":["GET"]}}],"collection":[{"href":"http:\/\/875jahrekirchgoens.de\/index.php?rest_route=\/wp\/v2\/posts"}],"about":[{"href":"http:\/\/875jahrekirchgoens.de\/index.php?rest_route=\/wp\/v2\/types\/post"}],"author":[{"embeddable":true,"href":"http:\/\/875jahrekirchgoens.de\/index.php?rest_route=\/wp\/v2\/users\/1"}],"replies":[{"embeddable":true,"href":"http:\/\/875jahrekirchgoens.de\/index.php?rest_route=%2Fwp%2Fv2%2Fcomments&post=15395"}],"version-history":[{"count":1,"href":"http:\/\/875jahrekirchgoens.de\/index.php?rest_route=\/wp\/v2\/posts\/15395\/revisions"}],"predecessor-version":[{"id":15396,"href":"http:\/\/875jahrekirchgoens.de\/index.php?rest_route=\/wp\/v2\/posts\/15395\/revisions\/15396"}],"wp:attachment":[{"href":"http:\/\/875jahrekirchgoens.de\/index.php?rest_route=%2Fwp%2Fv2%2Fmedia&parent=15395"}],"wp:term":[{"taxonomy":"category","embeddable":true,"href":"http:\/\/875jahrekirchgoens.de\/index.php?rest_route=%2Fwp%2Fv2%2Fcategories&post=15395"},{"taxonomy":"post_tag","embeddable":true,"href":"http:\/\/875jahrekirchgoens.de\/index.php?rest_route=%2Fwp%2Fv2%2Ftags&post=15395"}],"curies":[{"name":"wp","href":"https:\/\/api.w.org\/{rel}","templated":true}]}}